{"id":4324,"date":"2026-04-27T08:22:56","date_gmt":"2026-04-27T08:22:56","guid":{"rendered":"https:\/\/ancora.cat\/?p=4324"},"modified":"2026-04-27T08:23:00","modified_gmt":"2026-04-27T08:23:00","slug":"primavera-estiu-2026-a-casa-irla","status":"publish","type":"post","link":"https:\/\/ancora.cat\/?p=4324","title":{"rendered":"Primavera\u2013Estiu 2026 a Casa Irla"},"content":{"rendered":"\n<p>La temporada Primavera\u2013Estiu 2026 a Casa Irla s&#8217;inscriu en un any de significaci\u00f3 especial, marcat per la commemoraci\u00f3<\/p>\n\n\n\n<p>dels 150 anys del naixement del M.H. President de la Generalitat de Catalunya Sr. Josep Irla i Bosch (1876-2026). Recuperant<\/p>\n\n\n\n<p>la seva mem\u00f2ria i reivindicant els valors de comprom\u00eds c\u00edvic, cultural i de pa\u00eds que continuen inspirant la nostra acci\u00f3 cultural.<\/p>\n\n\n\n<p>La programaci\u00f3 d&#8217;aquesta temporada vol ser un espai d&#8217;encontre entre passat i present, on la m\u00fasica, la literatura, el cinema,<\/p>\n\n\n\n<p>les arts esc\u00e8niques i el pensament dialoguen amb les inquietuds del nostre temps. Cada proposta neix amb la voluntat d&#8217;obrir<\/p>\n\n\n\n<p>mirades, estimular el debat i refor\u00e7ar el paper de la cultura com a motor de cohesi\u00f3 i<\/p>\n\n\n\n<p>creixement col\u00b7lectiu.<\/p>\n\n\n\n<p>Amb aquesta nova etapa, Casa Irla reafirma la seva vocaci\u00f3 d&#8217;espai obert i plural, fidel al seu llegat per\u00f2 amb una clara mirada<\/p>\n\n\n\n<p>cap al futur. Us convidem a compartir aquesta programaci\u00f3 i a participar activament d&#8217;una temporada que vol ser, alhora, homenatge<\/p>\n\n\n\n<p>i projecci\u00f3 cultural.<\/p>\n\n\n\n<p><strong>No falteu que cada activitat \u00e9s una invitaci\u00f3 a escoltar, a dialogar i a deixar-se sorprendre.<\/strong><\/p>\n\n\n\n<p><\/p>\n","protected":false},"excerpt":{"rendered":"<p>La temporada Primavera\u2013Estiu 2026 a Casa Irla s&#8217;inscriu en un any de significaci\u00f3 especial, marcat per la commemoraci\u00f3 dels 150 anys del naixement del M.H. President de la Generalitat de Catalunya Sr. Josep Irla i Bosch (1876-2026). Recuperant la seva mem\u00f2ria i reivindicant els valors de comprom\u00eds c\u00edvic, cultural i de pa\u00eds que continuen inspirant [&hellip;]<\/p>\n","protected":false},"author":2,"featured_media":4325,"comment_status":"closed","ping_status":"closed","sticky":false,"template":"","format":"standard","meta":{"footnotes":""},"categories":[44,46],"tags":[],"class_list":{"0":"post-4324","1":"post","2":"type-post","3":"status-publish","4":"format-standard","5":"has-post-thumbnail","7":"category-actualitat","8":"category-oci-i-cultura"},"_links":{"self":[{"href":"https:\/\/ancora.cat\/index.php?rest_route=\/wp\/v2\/posts\/4324","targetHints":{"allow":["GET"]}}],"collection":[{"href":"https:\/\/ancora.cat\/index.php?rest_route=\/wp\/v2\/posts"}],"about":[{"href":"https:\/\/ancora.cat\/index.php?rest_route=\/wp\/v2\/types\/post"}],"author":[{"embeddable":true,"href":"https:\/\/ancora.cat\/index.php?rest_route=\/wp\/v2\/users\/2"}],"replies":[{"embeddable":true,"href":"https:\/\/ancora.cat\/index.php?rest_route=%2Fwp%2Fv2%2Fcomments&post=4324"}],"version-history":[{"count":1,"href":"https:\/\/ancora.cat\/index.php?rest_route=\/wp\/v2\/posts\/4324\/revisions"}],"predecessor-version":[{"id":4326,"href":"https:\/\/ancora.cat\/index.php?rest_route=\/wp\/v2\/posts\/4324\/revisions\/4326"}],"wp:featuredmedia":[{"embeddable":true,"href":"https:\/\/ancora.cat\/index.php?rest_route=\/wp\/v2\/media\/4325"}],"wp:attachment":[{"href":"https:\/\/ancora.cat\/index.php?rest_route=%2Fwp%2Fv2%2Fmedia&parent=4324"}],"wp:term":[{"taxonomy":"category","embeddable":true,"href":"https:\/\/ancora.cat\/index.php?rest_route=%2Fwp%2Fv2%2Fcategories&post=4324"},{"taxonomy":"post_tag","embeddable":true,"href":"https:\/\/ancora.cat\/index.php?rest_route=%2Fwp%2Fv2%2Ftags&post=4324"}],"curies":[{"name":"wp","href":"https:\/\/api.w.org\/{rel}","templated":true}]}}