{"id":4320,"date":"2026-04-27T08:02:16","date_gmt":"2026-04-27T08:02:16","guid":{"rendered":"https:\/\/ancora.cat\/?p=4320"},"modified":"2026-04-27T08:03:47","modified_gmt":"2026-04-27T08:03:47","slug":"la-setmana-m6-i-el-dia-m6-converteixen-sant-feliu-de-guixolsen-un-espai-de-cultura-viva-debat-i-creacio","status":"publish","type":"post","link":"https:\/\/ancora.cat\/?p=4320","title":{"rendered":"La Setmana M6 i el Dia M6 converteixen Sant Feliu de Gu\u00edxols en un espai de cultura viva, debat i creaci\u00f3"},"content":{"rendered":"\n<p><br>Del 27 d\u2019abril al 2 de maig de 2026, Sant Feliu de Gu\u00edxols acollir\u00e0 la Setmana M6 i el Dia M6, una<br>iniciativa impulsada per Mascanada6 que omplir\u00e0 l\u2019Espai \u00c0gora i la pla\u00e7a del Monestir d\u2019activitat cultural,<br>reflexi\u00f3 i propostes obertes a la ciutadania.<br>Amb el lema \u201cEscolta i viu la cultura\u201d, el projecte proposa una setmana de pensament i una jornada final<br>festiva per connectar cultura, territori i comunitat.<\/p>\n\n\n\n<p><br><strong>SETMANA M6<\/strong><br>Una setmana per escoltar i reflexionar sobre la cultura d\u2019avui<br>La Setmana M6 (del 27 d\u2019abril a l\u20191 de maig) ofereix cinc sessions de pon\u00e8ncies, totes a l\u2019Espai \u00c0gora i en<br>horari de vespre, amb entrada gratu\u00efta. Volen connectar tradici\u00f3 i contemporane\u00eftat, a partir de l\u2019experi\u00e8ncia<br>directa de professionals del sector i per tal de generar coneixement compartit, debat i eines \u00fatils:<\/p>\n\n\n\n<ul class=\"wp-block-list\">\n<li>Dilluns 27\/04 (19\u201321 h) \u2014 Arts i oficis: estan en extinci\u00f3?<br>Amb la participaci\u00f3 de Josep Mercader (Tramats), Marlon Mas (Arstechne) i Maria Guti\u00e9rrez<br>(Artmoon), tres professionals que treballen des de l\u2019artesania i reivindiquen la transmissi\u00f3 dels<br>oficis.<\/li>\n\n\n\n<li>Dimarts 28\/04 (19\u201321 h) \u2014 IA i creaci\u00f3: eina o risc?<br>A c\u00e0rrec de Ram\u00f3n Castillo (Barcelona School of Creativity), creador i docent especialitzat en<br>intel\u00b7lig\u00e8ncia artificial aplicada a processos creatius.<\/li>\n\n\n\n<li>Dimecres 29\/04 (19\u201321 h) \u2014 Festivals culturals: impacte o aparador?<br>Amb Eudald Pl\u00e0 (Ex Abrupto \/ vanderpla), Jordi Herreruela (Festival Cru\u00eflla) i Salvador Sunyer<br>(Temporada Alta), tres referents en la programaci\u00f3 i gesti\u00f3 de festivals.<\/li>\n\n\n\n<li>Dijous 30\/04 (19\u201321 h) \u2014 F\u00e0briques creatives: motors per a la ciutat?<br>Amb Carles Sala (Fabra i Coats), Elsa Guerra (Konvent) i Beatriu Daniel i Carles Mallol (La<br>Caldera), que aportaran experi\u00e8ncies sobre models de gesti\u00f3 i impacte cultural.<\/li>\n\n\n\n<li>Divendres 01\/05 (18\u201323 h) \u2014 Vides art\u00edstiques: es pot viure d\u2019aix\u00f2?<br>Amb Mariona Omedes i Carles Mora (Nueveojos), \u00d2scar Garc\u00eda (Calibos \/ Corner4art), Miquel<br>Abras i Fel Faixedas (Cal Tet Produccions), que compartiran traject\u00f2ries reals i condicions de<br>treball en el sector creatiu.<br>La jornada inclou visita guiada a l\u2019exposici\u00f3 F\u00e0brica Creativa M6 (18 h) i el concert de Mila<br>Trani Duo amb Bartolomeo Barenghi (21:30 h).<br>DIA M6<br>Una jornada per viure la cultura en directe<br>El Dia M6 (dissabte 2 de maig, de 10 h a 01 h) transforma el centre de la ciutat en una gran festa cultural<br>amb activitats durant tot el dia, participatives i per a tothom:<\/li>\n\n\n\n<li>Mat\u00ed i migdia: assemblea, espectacles familiars, tallers (com el de m\u00fasica electr\u00f2nica), activitats<br>participatives i gastronomia local<\/li>\n\n\n\n<li>Tarda i vespre: arts esc\u00e8niques, poesia, m\u00fasica i propostes h\u00edbrides<\/li>\n\n\n\n<li>Nit: concerts i sessions en directe fins a la matinada<br>Amb propostes com espectacles de circ i moviment, improvisaci\u00f3 po\u00e8tica, electr\u00f2nica experimental o m\u00fasica<br>en directe, el Dia M6 esdev\u00e9 un espai de creativitat transversal i accessible per a tots els p\u00fablics.<br>Una exposici\u00f3 per imaginar el futur cultural de la ciutat<br>Durant tota la setmana es podr\u00e0 visitar, a l\u2019Espai \u00c0gora, l\u2019exposici\u00f3 del projecte F\u00e0brica Creativa M6, que<br>planteja la transformaci\u00f3 d\u2019un antic espai industrial en un centre de creaci\u00f3, formaci\u00f3 i cultura. El recorregut<br>permet con\u00e8ixer els or\u00edgens del projecte, la seva visi\u00f3 i l\u2019impacte que pot tenir en el teixit cultural i creatiu de<br>Sant Feliu de Gu\u00edxols.<br>Cultura, territori i comunitat<br>La Setmana M6 i el Dia M6 es consoliden com una iniciativa que combina pensament, experi\u00e8ncia i<br>participaci\u00f3, amb voluntat d\u2019activar el territori i generar noves oportunitats per al sector cultural. La majoria<br>d\u2019activitats s\u00f3n gratu\u00eftes i obertes, refor\u00e7ant el comprom\u00eds amb una cultura accessible i arrelada.<\/li>\n\n\n\n<li><br><strong>INFORMACI\u00d3 PR\u00c0CTICA<\/strong><br>\ud83d\udccd Espai \u00c0gora i Pla\u00e7a del Monestir<br>\ud83d\udcc5 Del 27 d\u2019abril al 2 de maig de 2026<br>\ud83d\udd52 Pon\u00e8ncies i debats de la Setmana M6: 19\u201321 h (excepte 01\/05, de 18 a 23 h)<br>\ud83d\udd52 Activitats del Dia M6: de 10\u201301 h<br>\ud83c\udf9f Gratu\u00eft<br>\ud83c\udf10 M\u00e9s informaci\u00f3: www.mascanada6.com (disponible a partir del 20\/04\/26)<br>Per facilitar la cobertura medi\u00e0tica, l\u2019organitzaci\u00f3 ha habilitat una carpeta de premsa digital amb el llibret<br>promocional descarregable:<br>\ud83c\udf10 https:\/\/drive.google.com\/drive\/folders\/13QCEIIrRKlKROV5yMmitCxe3fA7jQ6y3?usp=drive_link<br><\/li>\n\n\n\n<li><strong>PER SABER M\u00c9S COSES SOBRE MASCANADA6\u2026<\/strong><br>Qu\u00e8 \u00e9s Mascanada6?<br>El moviment Mascanada6 comen\u00e7a el 2020 amb trobades amb persones i col\u00b7lectius vinculats a la cultura<br>per compartir la visi\u00f3 de transformar culturalment, socialment i econ\u00f2micament la ciutat. Despr\u00e9s d\u2019un any<br>d\u2019aquestes entrevistes, s\u2019evidencia l\u2019exist\u00e8ncia del talent i la tradici\u00f3 cultural a Sant Feliu de Gu\u00edxols i<br>aquesta visi\u00f3 comuna.<br>El 2021 es constitueix legalment l\u2019associaci\u00f3 i des de llavorstreballa activament en l\u2019organitzaci\u00f3 d\u2019activitats<br>culturals i en la cerca de noves f\u00f3rmules per transformar i enriquir la ciutat amb una potent comunitat<br>creativa activa i reafirmant la motivaci\u00f3 per crear un gran centre cultural que connecti patrimoni, educaci\u00f3,<br>creativitat i desenvolupament comunitari: la F\u00e0brica Creativa M6.<br>Actualment est\u00e0 gestionat per un col\u00b7lectiu format per persones vinculades a les arts, la cultura i la<br>creativitat, amb el suport de m\u00e9s de 200 socis, 650 seguidors i 30 empreses patrocinadores.<br>La F\u00e0brica Creativa M6<br>Hem finalitzat recentment la redacci\u00f3 d\u2019un pla estrat\u00e8gic per a la creaci\u00f3 de la F\u00e0brica Creativa M6, un gran<br>centre cultural que es vol ubicar a l\u2019antiga f\u00e0brica de suro datada de 1882, coneguda com Can Rossell\u00f3 i<br>posteriorment Ileco, situada a Sant Feliu de Gu\u00edxols, al costat de la Ronda de Ponent.<br>La f\u00e0brica vol ser un centre de nova generaci\u00f3 basat en l\u2019activitat i la ind\u00fastria cultural, el m\u00f3n educatiu i<br>la interacci\u00f3 social: resid\u00e8ncies d\u2019artistes, formaci\u00f3, tallers, programaci\u00f3 estable, espais de creaci\u00f3, punt<br>de trobada\u2026 Un nou pol d\u2019activitat ciutadana que integri patrimoni, innovaci\u00f3 i economia creativa.<br>Aquest futur equipament ser\u00e0 gestionat per Mascanada6 i vol ser exemple de model de col\u00b7laboraci\u00f3<br>publico-privada, ja que la propietat dels terrenys i l\u2019edifici s\u00f3n de l\u2019Ajuntament de Sant Feliu de Gu\u00edxols. A<br>principi de 2026 comencen les comissions de treball per fer realitat aquest projecte en els pr\u00f2xims dos anys.<\/li>\n<\/ul>\n","protected":false},"excerpt":{"rendered":"<p>Del 27 d\u2019abril al 2 de maig de 2026, Sant Feliu de Gu\u00edxols acollir\u00e0 la Setmana M6 i el Dia M6, unainiciativa impulsada per Mascanada6 que omplir\u00e0 l\u2019Espai \u00c0gora i la pla\u00e7a del Monestir d\u2019activitat cultural,reflexi\u00f3 i propostes obertes a la ciutadania.Amb el lema \u201cEscolta i viu la cultura\u201d, el projecte proposa una setmana de [&hellip;]<\/p>\n","protected":false},"author":2,"featured_media":4321,"comment_status":"closed","ping_status":"closed","sticky":false,"template":"","format":"standard","meta":{"footnotes":""},"categories":[44,46],"tags":[],"class_list":{"0":"post-4320","1":"post","2":"type-post","3":"status-publish","4":"format-standard","5":"has-post-thumbnail","7":"category-actualitat","8":"category-oci-i-cultura"},"_links":{"self":[{"href":"https:\/\/ancora.cat\/index.php?rest_route=\/wp\/v2\/posts\/4320","targetHints":{"allow":["GET"]}}],"collection":[{"href":"https:\/\/ancora.cat\/index.php?rest_route=\/wp\/v2\/posts"}],"about":[{"href":"https:\/\/ancora.cat\/index.php?rest_route=\/wp\/v2\/types\/post"}],"author":[{"embeddable":true,"href":"https:\/\/ancora.cat\/index.php?rest_route=\/wp\/v2\/users\/2"}],"replies":[{"embeddable":true,"href":"https:\/\/ancora.cat\/index.php?rest_route=%2Fwp%2Fv2%2Fcomments&post=4320"}],"version-history":[{"count":2,"href":"https:\/\/ancora.cat\/index.php?rest_route=\/wp\/v2\/posts\/4320\/revisions"}],"predecessor-version":[{"id":4323,"href":"https:\/\/ancora.cat\/index.php?rest_route=\/wp\/v2\/posts\/4320\/revisions\/4323"}],"wp:featuredmedia":[{"embeddable":true,"href":"https:\/\/ancora.cat\/index.php?rest_route=\/wp\/v2\/media\/4321"}],"wp:attachment":[{"href":"https:\/\/ancora.cat\/index.php?rest_route=%2Fwp%2Fv2%2Fmedia&parent=4320"}],"wp:term":[{"taxonomy":"category","embeddable":true,"href":"https:\/\/ancora.cat\/index.php?rest_route=%2Fwp%2Fv2%2Fcategories&post=4320"},{"taxonomy":"post_tag","embeddable":true,"href":"https:\/\/ancora.cat\/index.php?rest_route=%2Fwp%2Fv2%2Ftags&post=4320"}],"curies":[{"name":"wp","href":"https:\/\/api.w.org\/{rel}","templated":true}]}}