{"id":4032,"date":"2025-10-27T12:16:30","date_gmt":"2025-10-27T12:16:30","guid":{"rendered":"https:\/\/ancora.cat\/?p=4032"},"modified":"2025-10-27T12:16:32","modified_gmt":"2025-10-27T12:16:32","slug":"sant-feliu-limita-lhorari-a-tres-supermercats-arran-dels-problemes-dordre-public-que-ocasionaven","status":"publish","type":"post","link":"https:\/\/ancora.cat\/?p=4032","title":{"rendered":"Sant Feliu limita l&#8217;horari a tres supermercats arran dels problemes d&#8217;ordre p\u00fablic que ocasionaven"},"content":{"rendered":"\n<p>L&#8217;Ajuntament de Sant Feliu de Gu\u00edxols ha limitat l&#8217;horari de tancament comercial a tres establiments arran dels problemes d&#8217;ordre p\u00fablic que generaven i que ha constatat la Policia Local en diferents ocasions. A trav\u00e9s de Decret d&#8217;Alcaldia i basant-se en els diferents informes t\u00e8cnics, s&#8217;aprova limitar l&#8217;horari de tancament d&#8217;aquests tres supermercats a les deu de la nit. A Sant Feliu els comer\u00e7os no tenen limitaci\u00f3 d\u2019horari de tancament, ja que \u00e9s una ciutat tur\u00edstica, per\u00f2 la llei reguladora d\u2019horaris comercials ofereix la possibilitat als municipis de limitar l\u2019horari de tancament per causes d\u2019ordre p\u00fablic. Durant les diferents actes aixecades per la Policia Local s&#8217;ha informat els propietaris d&#8217;aquests locals de les mol\u00e8sties que els seus establiments estaven creant cont\u00ednuament als ve\u00efns de la zona, de la prohibici\u00f3 de vendre begudes alcoh\u00f2liques fora de l\u2019horari perm\u00e8s legalment i de la prohibici\u00f3 de vendre begudes alcoh\u00f2liques a menors. En tots els casos el resultat ha estat el mateix, han fet cas om\u00eds continuant amb les seves actuacions irregulars respecte a mol\u00e8sties i venda de begudes alcoh\u00f2liques. Per aquests motius, se&#8217;ls ha limitat l&#8217;horari de tancament. Des del govern municipal, s&#8217;ha volgut acabar de soca-rel aquests problemes i s&#8217;ha actuat amb dilig\u00e8ncia per solucionar-ho.<\/p>\n","protected":false},"excerpt":{"rendered":"<p>L&#8217;Ajuntament de Sant Feliu de Gu\u00edxols ha limitat l&#8217;horari de tancament comercial a tres establiments arran dels problemes d&#8217;ordre p\u00fablic que generaven i que ha constatat la Policia Local en diferents ocasions. A trav\u00e9s de Decret d&#8217;Alcaldia i basant-se en els diferents informes t\u00e8cnics, s&#8217;aprova limitar l&#8217;horari de tancament d&#8217;aquests tres supermercats a les deu [&hellip;]<\/p>\n","protected":false},"author":2,"featured_media":4033,"comment_status":"closed","ping_status":"open","sticky":false,"template":"","format":"standard","meta":{"footnotes":""},"categories":[44,49],"tags":[],"class_list":{"0":"post-4032","1":"post","2":"type-post","3":"status-publish","4":"format-standard","5":"has-post-thumbnail","7":"category-actualitat","8":"category-societat"},"_links":{"self":[{"href":"https:\/\/ancora.cat\/index.php?rest_route=\/wp\/v2\/posts\/4032","targetHints":{"allow":["GET"]}}],"collection":[{"href":"https:\/\/ancora.cat\/index.php?rest_route=\/wp\/v2\/posts"}],"about":[{"href":"https:\/\/ancora.cat\/index.php?rest_route=\/wp\/v2\/types\/post"}],"author":[{"embeddable":true,"href":"https:\/\/ancora.cat\/index.php?rest_route=\/wp\/v2\/users\/2"}],"replies":[{"embeddable":true,"href":"https:\/\/ancora.cat\/index.php?rest_route=%2Fwp%2Fv2%2Fcomments&post=4032"}],"version-history":[{"count":1,"href":"https:\/\/ancora.cat\/index.php?rest_route=\/wp\/v2\/posts\/4032\/revisions"}],"predecessor-version":[{"id":4034,"href":"https:\/\/ancora.cat\/index.php?rest_route=\/wp\/v2\/posts\/4032\/revisions\/4034"}],"wp:featuredmedia":[{"embeddable":true,"href":"https:\/\/ancora.cat\/index.php?rest_route=\/wp\/v2\/media\/4033"}],"wp:attachment":[{"href":"https:\/\/ancora.cat\/index.php?rest_route=%2Fwp%2Fv2%2Fmedia&parent=4032"}],"wp:term":[{"taxonomy":"category","embeddable":true,"href":"https:\/\/ancora.cat\/index.php?rest_route=%2Fwp%2Fv2%2Fcategories&post=4032"},{"taxonomy":"post_tag","embeddable":true,"href":"https:\/\/ancora.cat\/index.php?rest_route=%2Fwp%2Fv2%2Ftags&post=4032"}],"curies":[{"name":"wp","href":"https:\/\/api.w.org\/{rel}","templated":true}]}}