{"id":4019,"date":"2025-10-14T08:58:07","date_gmt":"2025-10-14T08:58:07","guid":{"rendered":"https:\/\/ancora.cat\/?p=4019"},"modified":"2025-10-14T08:58:10","modified_gmt":"2025-10-14T08:58:10","slug":"lajuntament-reconeix-toldos-mas-pels-seus-50-anys-de-trajectoria-a-la-ciutat","status":"publish","type":"post","link":"https:\/\/ancora.cat\/?p=4019","title":{"rendered":"L&#8217;Ajuntament reconeix Toldos Mas pels seus 50 anys de traject\u00f2ria a la ciutat"},"content":{"rendered":"\n<p>L\u2019alcalde de Sant Feliu, Carles Motas, i la regidora d\u2019Economia Local, N\u00faria Cucharero, han reconegut a l\u2019empresa Toldos Mas la tasca feta durant 50 anys a la ciutat en un acte a la Sala de Plens de l&#8217;Ajuntament. La hist\u00f2ria de Toldos Mas \u00e9s la d\u2019una fam\u00edlia treballadora que va venir a petar a Sant Feliu fruit de la casualitat fa mig segle, per\u00f2 que s\u2019hi va acabar quedant pel seu encant. <\/p>\n\n\n\n<p>L\u2019empresa \u00e9s regentada per la tercera generaci\u00f3 familiar. Al llarg de tots als anys de vida, ha sigut capa\u00e7 d\u2019adaptar-se i innovar per cobrir noves necessitats. A la matalasseria i la tapisseria dels inicis s\u2019hi van incorporar els tendals o el cortinatge, productes que ofereixen amb un servei integral i personalitzat des del disseny fins a la seva instal\u00b7laci\u00f3. A m\u00e9s, compten amb una \u00e0mplia gamma d\u2019opcions disponibles. <\/p>\n\n\n\n<p>Podeu trobar Toldos Mas al Passeig dels Gu\u00edxols, 24, on estaran encantats de resoldre qualsevol dels vostres dubtes o inquietuds.<\/p>\n","protected":false},"excerpt":{"rendered":"<p>L\u2019alcalde de Sant Feliu, Carles Motas, i la regidora d\u2019Economia Local, N\u00faria Cucharero, han reconegut a l\u2019empresa Toldos Mas la tasca feta durant 50 anys a la ciutat en un acte a la Sala de Plens de l&#8217;Ajuntament. La hist\u00f2ria de Toldos Mas \u00e9s la d\u2019una fam\u00edlia treballadora que va venir a petar a Sant [&hellip;]<\/p>\n","protected":false},"author":2,"featured_media":4020,"comment_status":"closed","ping_status":"open","sticky":false,"template":"","format":"standard","meta":{"footnotes":""},"categories":[44,49],"tags":[],"class_list":{"0":"post-4019","1":"post","2":"type-post","3":"status-publish","4":"format-standard","5":"has-post-thumbnail","7":"category-actualitat","8":"category-societat"},"_links":{"self":[{"href":"https:\/\/ancora.cat\/index.php?rest_route=\/wp\/v2\/posts\/4019","targetHints":{"allow":["GET"]}}],"collection":[{"href":"https:\/\/ancora.cat\/index.php?rest_route=\/wp\/v2\/posts"}],"about":[{"href":"https:\/\/ancora.cat\/index.php?rest_route=\/wp\/v2\/types\/post"}],"author":[{"embeddable":true,"href":"https:\/\/ancora.cat\/index.php?rest_route=\/wp\/v2\/users\/2"}],"replies":[{"embeddable":true,"href":"https:\/\/ancora.cat\/index.php?rest_route=%2Fwp%2Fv2%2Fcomments&post=4019"}],"version-history":[{"count":1,"href":"https:\/\/ancora.cat\/index.php?rest_route=\/wp\/v2\/posts\/4019\/revisions"}],"predecessor-version":[{"id":4021,"href":"https:\/\/ancora.cat\/index.php?rest_route=\/wp\/v2\/posts\/4019\/revisions\/4021"}],"wp:featuredmedia":[{"embeddable":true,"href":"https:\/\/ancora.cat\/index.php?rest_route=\/wp\/v2\/media\/4020"}],"wp:attachment":[{"href":"https:\/\/ancora.cat\/index.php?rest_route=%2Fwp%2Fv2%2Fmedia&parent=4019"}],"wp:term":[{"taxonomy":"category","embeddable":true,"href":"https:\/\/ancora.cat\/index.php?rest_route=%2Fwp%2Fv2%2Fcategories&post=4019"},{"taxonomy":"post_tag","embeddable":true,"href":"https:\/\/ancora.cat\/index.php?rest_route=%2Fwp%2Fv2%2Ftags&post=4019"}],"curies":[{"name":"wp","href":"https:\/\/api.w.org\/{rel}","templated":true}]}}