{"id":3992,"date":"2025-09-29T08:41:42","date_gmt":"2025-09-29T08:41:42","guid":{"rendered":"https:\/\/ancora.cat\/?p=3992"},"modified":"2025-09-29T08:41:45","modified_gmt":"2025-09-29T08:41:45","slug":"sant-feliu-es-tenyeix-de-magia-amb-el-primer-ganxo-magic","status":"publish","type":"post","link":"https:\/\/ancora.cat\/?p=3992","title":{"rendered":"Sant Feliu es tenyeix de m\u00e0gia amb el primer Ganx\u00f3 M\u00e0gic"},"content":{"rendered":"\n<p>Sant Feliu de Gu\u00edxols s&#8217;ha tenyit de m\u00e0gia i il\u00b7lusionisme amb la I edici\u00f3 del Festival Internacional de M\u00e0gia \u00abGanx\u00f3 M\u00e0gic\u00bb. La ciutat s&#8217;ha bolcat amb el gran nombre d&#8217;activitats que s&#8217;han organitzat durant tres dies de festival. El divendres 26 es va donar el tret de sortida amb la m\u00e0gia escolar i una gala amb sopar amb tots els mags que participen en l&#8217;esdeveniment. Una alineaci\u00f3 de luxe entre els quals hi havia el M\u00e0gic Andreu, el director art\u00edstic del Ganx\u00f3 M\u00e0gic, l&#8217;Il\u00b7lusionista Marc S\u00e0bat, o Isaac Trias. El festival ha comptat amb un mercat m\u00e0gic on es feien demostracions i es podien adquirir jocs de m\u00e0gia, amb tallers formatius i espectacles durant tot el dia i escampats per a tots els racons de Sant Feliu. Amb una clara vocaci\u00f3 de teixir xarxa social, hi ha hagut rutes itinerants per a establiments del municipi. El Festival es tancar\u00e0 el diumenge 27 amb una nova ruta de m\u00e0gia per la restauraci\u00f3 ganxona, l&#8217;actuaci\u00f3 del M\u00e0gic Andreu amb el show \u00abEspectacualrium\u00bb i clour\u00e0 l&#8217;espectacle \u00abBeyond\u00bb de Nilo Hidalgo. Des de l&#8217;organitzaci\u00f3, es mostren molt satisfets amb la rebuda dels primers dies i esperen repetir l&#8217;any vinent amb una edici\u00f3 amb m\u00e9s novetats.<\/p>\n\n\n\n<p><\/p>\n","protected":false},"excerpt":{"rendered":"<p>Sant Feliu de Gu\u00edxols s&#8217;ha tenyit de m\u00e0gia i il\u00b7lusionisme amb la I edici\u00f3 del Festival Internacional de M\u00e0gia \u00abGanx\u00f3 M\u00e0gic\u00bb. La ciutat s&#8217;ha bolcat amb el gran nombre d&#8217;activitats que s&#8217;han organitzat durant tres dies de festival. El divendres 26 es va donar el tret de sortida amb la m\u00e0gia escolar i una gala [&hellip;]<\/p>\n","protected":false},"author":2,"featured_media":3993,"comment_status":"closed","ping_status":"open","sticky":false,"template":"","format":"standard","meta":{"footnotes":""},"categories":[44],"tags":[],"class_list":{"0":"post-3992","1":"post","2":"type-post","3":"status-publish","4":"format-standard","5":"has-post-thumbnail","7":"category-actualitat"},"_links":{"self":[{"href":"https:\/\/ancora.cat\/index.php?rest_route=\/wp\/v2\/posts\/3992","targetHints":{"allow":["GET"]}}],"collection":[{"href":"https:\/\/ancora.cat\/index.php?rest_route=\/wp\/v2\/posts"}],"about":[{"href":"https:\/\/ancora.cat\/index.php?rest_route=\/wp\/v2\/types\/post"}],"author":[{"embeddable":true,"href":"https:\/\/ancora.cat\/index.php?rest_route=\/wp\/v2\/users\/2"}],"replies":[{"embeddable":true,"href":"https:\/\/ancora.cat\/index.php?rest_route=%2Fwp%2Fv2%2Fcomments&post=3992"}],"version-history":[{"count":1,"href":"https:\/\/ancora.cat\/index.php?rest_route=\/wp\/v2\/posts\/3992\/revisions"}],"predecessor-version":[{"id":3994,"href":"https:\/\/ancora.cat\/index.php?rest_route=\/wp\/v2\/posts\/3992\/revisions\/3994"}],"wp:featuredmedia":[{"embeddable":true,"href":"https:\/\/ancora.cat\/index.php?rest_route=\/wp\/v2\/media\/3993"}],"wp:attachment":[{"href":"https:\/\/ancora.cat\/index.php?rest_route=%2Fwp%2Fv2%2Fmedia&parent=3992"}],"wp:term":[{"taxonomy":"category","embeddable":true,"href":"https:\/\/ancora.cat\/index.php?rest_route=%2Fwp%2Fv2%2Fcategories&post=3992"},{"taxonomy":"post_tag","embeddable":true,"href":"https:\/\/ancora.cat\/index.php?rest_route=%2Fwp%2Fv2%2Ftags&post=3992"}],"curies":[{"name":"wp","href":"https:\/\/api.w.org\/{rel}","templated":true}]}}