{"id":3945,"date":"2025-08-20T10:53:09","date_gmt":"2025-08-20T10:53:09","guid":{"rendered":"https:\/\/ancora.cat\/?p=3945"},"modified":"2025-08-20T10:53:11","modified_gmt":"2025-08-20T10:53:11","slug":"sant-feliu-tanca-lepisodi-de-la-tortuga-dalmata-amb-48-cries-la-resta-eren-ous-no-viables-ja-no-fecundats","status":"publish","type":"post","link":"https:\/\/ancora.cat\/?p=3945","title":{"rendered":"Sant Feliu tanca l&#8217;episodi de la tortuga D\u00e0lmata amb 48 cries. La resta eren ous &#8216;no viables&#8217;, ja no fecundats."},"content":{"rendered":"\n<p>La temporada d&#8217;estiu a Sant Feliu ha estat marcada per l&#8217;arribada i posta d&#8217;ous de la tortuga D\u00e0lmata el 25 de juny. Un fet que va il\u00b7lusionar des d&#8217;un primer moment tots els ciutadans, que s&#8217;han bolcat durant tot el proc\u00e9s amb un seguiment i col\u00b7laboraci\u00f3 molt pr\u00f2xim a tots els esdeveniments.\u00a0 <\/p>\n\n\n\n<p>M\u00e9s d&#8217;un mes i mig despr\u00e9s, totes les organitzacions i administracions implicades donaran per acabat aquest esdeveniment natural amb la desmuntada de la instal\u00b7laci\u00f3 de tanques que es va fer per protegir el niu on es localitzaven els ous i, tamb\u00e9, del campament i carpes que tenien els voluntaris i cient\u00edfics que en seguien l&#8217;evoluci\u00f3. L&#8217;\u00e8xit del niu ha estat de 48 tortuguetes nascudes i alliberades. Representa el 47&#8217;5% del total dels 101 ous. Hi ha hagut 52 ous no eclosionats. <\/p>\n\n\n\n<p>Es tracta d&#8217;un fet habitual, ja que els cient\u00edfics ja calculaven que entorn un 50% dels ous podien no estar fecundats, que han anomenat \u00abno viables\u00bb ja d&#8217;entrada. A m\u00e9s, tamb\u00e9 es va trobar una cria morta, que no va ser capa\u00e7 de sortir, un cop es va obrir el niu. L&#8217;eclosi\u00f3 dels ous va comen\u00e7ar el dia 14 amb la sortida de les primeres 25 tortuguetes. L&#8217;endem\u00e0, dia 15, en van sortir 7 m\u00e9s. El dia 16 d&#8217;agost van sortir-ne 14 m\u00e9s i, finalment, en el darrer dia, el 17 d&#8217;agost, es van salvar i alliberar 2 tortugues, coincidint amb l&#8217;obertura del niu. Per evitar que les tortuguetes en n\u00e9ixer quedessin atrapades per l&#8217;escullera del port, es van traslladar a la platja de Sant Pol, dins del mateix municipi, que \u00e9s a mar obert. Es va fer un canal a la platja per tal que les tortuguetes estessin en contacte amb la sorra de la platja en sortir. L&#8217;Ajuntament de Sant Feliu es va implicar des de l&#8217;inici amb la protecci\u00f3 i ous de la tortuga D\u00e0lmata, aportant recursos humans i econ\u00f2mics per ajudar en el desenvolupament del projecte. El consistori tamb\u00e9 s&#8217;ha mostrat molt receptiu a l&#8217;hora de col\u00b7laborar amb la resta de administracions i agents implicats.\u00a0Per garantir la viabilitat de la cria d\u2019aquesta esp\u00e8cie, el Departament de Territori, Habitatge i Transici\u00f3 Ecol\u00f2gica ha coordinat els operatius per protegir aquests nius, en els quals tamb\u00e9 han pres part el Centre BETA de la UVic-UCC, Forestal Catalana SA, la Fundaci\u00f3 CRAM, els Voluntaris de Protecci\u00f3 Civil, Policia Local de Sant Feliu de Gu\u00edxols, aix\u00ed com el Cos d\u2019Agents Rurals, l&#8217;Ajuntament de Sant Feliu de Gu\u00edxols, mitjans de comunicaci\u00f3, i molt especialment els gaireb\u00e9 200 voluntaris que s\u2019han encarregat\u00a0de la cust\u00f2dia dels nius.<\/p>\n","protected":false},"excerpt":{"rendered":"<p>La temporada d&#8217;estiu a Sant Feliu ha estat marcada per l&#8217;arribada i posta d&#8217;ous de la tortuga D\u00e0lmata el 25 de juny. Un fet que va il\u00b7lusionar des d&#8217;un primer moment tots els ciutadans, que s&#8217;han bolcat durant tot el proc\u00e9s amb un seguiment i col\u00b7laboraci\u00f3 molt pr\u00f2xim a tots els esdeveniments.\u00a0 M\u00e9s d&#8217;un mes [&hellip;]<\/p>\n","protected":false},"author":2,"featured_media":3946,"comment_status":"closed","ping_status":"open","sticky":false,"template":"","format":"standard","meta":{"footnotes":""},"categories":[44,49],"tags":[],"class_list":{"0":"post-3945","1":"post","2":"type-post","3":"status-publish","4":"format-standard","5":"has-post-thumbnail","7":"category-actualitat","8":"category-societat"},"_links":{"self":[{"href":"https:\/\/ancora.cat\/index.php?rest_route=\/wp\/v2\/posts\/3945","targetHints":{"allow":["GET"]}}],"collection":[{"href":"https:\/\/ancora.cat\/index.php?rest_route=\/wp\/v2\/posts"}],"about":[{"href":"https:\/\/ancora.cat\/index.php?rest_route=\/wp\/v2\/types\/post"}],"author":[{"embeddable":true,"href":"https:\/\/ancora.cat\/index.php?rest_route=\/wp\/v2\/users\/2"}],"replies":[{"embeddable":true,"href":"https:\/\/ancora.cat\/index.php?rest_route=%2Fwp%2Fv2%2Fcomments&post=3945"}],"version-history":[{"count":1,"href":"https:\/\/ancora.cat\/index.php?rest_route=\/wp\/v2\/posts\/3945\/revisions"}],"predecessor-version":[{"id":3947,"href":"https:\/\/ancora.cat\/index.php?rest_route=\/wp\/v2\/posts\/3945\/revisions\/3947"}],"wp:featuredmedia":[{"embeddable":true,"href":"https:\/\/ancora.cat\/index.php?rest_route=\/wp\/v2\/media\/3946"}],"wp:attachment":[{"href":"https:\/\/ancora.cat\/index.php?rest_route=%2Fwp%2Fv2%2Fmedia&parent=3945"}],"wp:term":[{"taxonomy":"category","embeddable":true,"href":"https:\/\/ancora.cat\/index.php?rest_route=%2Fwp%2Fv2%2Fcategories&post=3945"},{"taxonomy":"post_tag","embeddable":true,"href":"https:\/\/ancora.cat\/index.php?rest_route=%2Fwp%2Fv2%2Ftags&post=3945"}],"curies":[{"name":"wp","href":"https:\/\/api.w.org\/{rel}","templated":true}]}}