{"id":3924,"date":"2025-08-08T09:50:31","date_gmt":"2025-08-08T09:50:31","guid":{"rendered":"https:\/\/ancora.cat\/?p=3924"},"modified":"2025-08-08T09:50:33","modified_gmt":"2025-08-08T09:50:33","slug":"lajuntament-inicia-la-tramitacio-per-crear-la-nova-zona-industrial-de-cubells","status":"publish","type":"post","link":"https:\/\/ancora.cat\/?p=3924","title":{"rendered":"L&#8217;Ajuntament inicia la tramitaci\u00f3 per crear la nova zona industrial de Cubells"},"content":{"rendered":"\n<p>En Ple Municipal del mes de juliol, s&#8217;ha aprovat la creaci\u00f3 de la nova zona industrial de Cubells. L&#8217;Ajuntament ja t\u00e9 el finan\u00e7ament per comen\u00e7ar la contractaci\u00f3 dels estudis topogr\u00e0fics de l&#8217;actuaci\u00f3, de l&#8217;impacte econ\u00f2mic i mediambientals. La zona queda ubicada entre la Ronda Nord i (coneguda com la carretera dels \u00abButans\u00bb). Aquest espai acabar\u00e0 connectant Sant Feliu amb Platja d&#8217;Aro un cop s&#8217;hagin desenvolupat tots els sectors. Cubells \u00e9s l&#8217;\u00fanic espai que t\u00e9 disponible la ciutat per desenvolupar nou s\u00f2l industrial. Es preveu que es puguin veure les obres d&#8217;urbanitzaci\u00f3 i delimitats els carrers i les parcel\u00b7les el primer semestre del 2027.<\/p>\n","protected":false},"excerpt":{"rendered":"<p>En Ple Municipal del mes de juliol, s&#8217;ha aprovat la creaci\u00f3 de la nova zona industrial de Cubells. L&#8217;Ajuntament ja t\u00e9 el finan\u00e7ament per comen\u00e7ar la contractaci\u00f3 dels estudis topogr\u00e0fics de l&#8217;actuaci\u00f3, de l&#8217;impacte econ\u00f2mic i mediambientals. La zona queda ubicada entre la Ronda Nord i (coneguda com la carretera dels \u00abButans\u00bb). Aquest espai acabar\u00e0 [&hellip;]<\/p>\n","protected":false},"author":2,"featured_media":3925,"comment_status":"closed","ping_status":"open","sticky":false,"template":"","format":"standard","meta":{"footnotes":""},"categories":[44,49],"tags":[],"class_list":{"0":"post-3924","1":"post","2":"type-post","3":"status-publish","4":"format-standard","5":"has-post-thumbnail","7":"category-actualitat","8":"category-societat"},"_links":{"self":[{"href":"https:\/\/ancora.cat\/index.php?rest_route=\/wp\/v2\/posts\/3924","targetHints":{"allow":["GET"]}}],"collection":[{"href":"https:\/\/ancora.cat\/index.php?rest_route=\/wp\/v2\/posts"}],"about":[{"href":"https:\/\/ancora.cat\/index.php?rest_route=\/wp\/v2\/types\/post"}],"author":[{"embeddable":true,"href":"https:\/\/ancora.cat\/index.php?rest_route=\/wp\/v2\/users\/2"}],"replies":[{"embeddable":true,"href":"https:\/\/ancora.cat\/index.php?rest_route=%2Fwp%2Fv2%2Fcomments&post=3924"}],"version-history":[{"count":1,"href":"https:\/\/ancora.cat\/index.php?rest_route=\/wp\/v2\/posts\/3924\/revisions"}],"predecessor-version":[{"id":3926,"href":"https:\/\/ancora.cat\/index.php?rest_route=\/wp\/v2\/posts\/3924\/revisions\/3926"}],"wp:featuredmedia":[{"embeddable":true,"href":"https:\/\/ancora.cat\/index.php?rest_route=\/wp\/v2\/media\/3925"}],"wp:attachment":[{"href":"https:\/\/ancora.cat\/index.php?rest_route=%2Fwp%2Fv2%2Fmedia&parent=3924"}],"wp:term":[{"taxonomy":"category","embeddable":true,"href":"https:\/\/ancora.cat\/index.php?rest_route=%2Fwp%2Fv2%2Fcategories&post=3924"},{"taxonomy":"post_tag","embeddable":true,"href":"https:\/\/ancora.cat\/index.php?rest_route=%2Fwp%2Fv2%2Ftags&post=3924"}],"curies":[{"name":"wp","href":"https:\/\/api.w.org\/{rel}","templated":true}]}}