{"id":2678,"date":"2025-03-25T08:58:01","date_gmt":"2025-03-25T08:58:01","guid":{"rendered":"https:\/\/ancora.cat\/?p=2678"},"modified":"2025-03-25T08:58:05","modified_gmt":"2025-03-25T08:58:05","slug":"junts-portara-al-ple-una-mocio-per-exigir-el-compliment-en-el-servei-de-rodalies","status":"publish","type":"post","link":"https:\/\/ancora.cat\/?p=2678","title":{"rendered":"Junts portar\u00e0 al ple una moci\u00f3 per exigir el compliment en el servei de Rodalies"},"content":{"rendered":"\n<p><\/p>\n\n\n\n<p>El grup municipal de Junts a Sant Feliu de Gu\u00edxols presentar\u00e0 al proper Ple municipal de dijous 27 de mar\u00e7, una moci\u00f3 per exigir una resposta urgent a la situaci\u00f3 de col\u00b7lapse que pateixen di\u00e0riament els usuaris del transport p\u00fablic, especialment dirigit a aquells ganxons i ganxones que utilitzen el servei de Rodalies per despla\u00e7ar-se a treballar a Barcelona i altres indrets de Catalunya.<\/p>\n\n\n\n<p>La situaci\u00f3 del servei ferroviari a Catalunya \u00e9s insostenible. En els primers nou mesos de l\u2019any 2024 s\u2019han registrat m\u00e9s de 8.500 incid\u00e8ncies, una mitjana de 31 cada dia, provocant retards i afectacions que han fet perdre m\u00e9s d\u20191.000.000 d\u2019hores laborals i han suposat un cost de 3,2 milions d\u2019euros diaris en productivitat per a les empreses catalanes. Aquesta situaci\u00f3 \u00e9s conseq\u00fc\u00e8ncia directa de la manca d\u2019inversi\u00f3 de l\u2019Estat espanyol, que ha incomplert reiteradament els compromisos adquirits en infraestructures ferrovi\u00e0ries.<\/p>\n\n\n\n<p>Junts per Sant Feliu de Gu\u00edxols reclama que es posi fi a aquesta situaci\u00f3 i s\u2019afegeix a la demanda per exigir el trasp\u00e0s real i efectiu de la xarxa de Rodalies i Regionals a la Generalitat de Catalunya, perqu\u00e8 sigui gestionada per Ferrocarrils de la Generalitat de Catalunya (FGC), una empresa que ha demostrat sobradament la seva capacitat de gesti\u00f3 eficient.<\/p>\n\n\n\n<p>La moci\u00f3 que es debatr\u00e0 en el Ple recull els seg\u00fcents acords:<\/p>\n\n\n\n<ol start=\"1\" class=\"wp-block-list\">\n<li><strong>Denunciar<\/strong> la p\u00e8ssima situaci\u00f3 del servei de Rodalies i l\u2019infrafinan\u00e7ament cr\u00f2nic que ha patit per part de l\u2019Estat.<\/li>\n\n\n\n<li><strong>Exigir<\/strong> el compliment dels compromisos d\u2019inversi\u00f3 i el pagament del deute pendent en infraestructures, que s\u2019estima en 50.000 milions d\u2019euros.<\/li>\n\n\n\n<li><strong>Reclamar<\/strong> el trasp\u00e0s real i efectiu de Rodalies i Regionals amb els recursos necessaris per garantir-ne la gesti\u00f3 eficient.<\/li>\n\n\n\n<li><strong>Traslladar<\/strong> aquesta reivindicaci\u00f3 a les institucions catalanes i estatals competents.<\/li>\n<\/ol>\n\n\n\n<p>\u201c\u00c9s inadmissible que els ciutadans de Sant Feliu de Gu\u00edxols i de la resta de Catalunya hagin de patir di\u00e0riament un servei ferroviari deficient que afecta la seva qualitat de vida i la seva productivitat laboral. Cal una resposta immediata i mesures contundents per revertir aquesta situaci\u00f3\u201d, ha manifestat Toni Carri\u00f3n, portaveu de Junts a Sant Feliu de Gu\u00edxols.<\/p>\n","protected":false},"excerpt":{"rendered":"<p>El grup municipal de Junts a Sant Feliu de Gu\u00edxols presentar\u00e0 al proper Ple municipal de dijous 27 de mar\u00e7, una moci\u00f3 per exigir una resposta urgent a la situaci\u00f3 de col\u00b7lapse que pateixen di\u00e0riament els usuaris del transport p\u00fablic, especialment dirigit a aquells ganxons i ganxones que utilitzen el servei de Rodalies per despla\u00e7ar-se [&hellip;]<\/p>\n","protected":false},"author":2,"featured_media":2679,"comment_status":"open","ping_status":"open","sticky":false,"template":"","format":"standard","meta":{"footnotes":""},"categories":[44,49],"tags":[],"class_list":{"0":"post-2678","1":"post","2":"type-post","3":"status-publish","4":"format-standard","5":"has-post-thumbnail","7":"category-actualitat","8":"category-societat"},"_links":{"self":[{"href":"https:\/\/ancora.cat\/index.php?rest_route=\/wp\/v2\/posts\/2678","targetHints":{"allow":["GET"]}}],"collection":[{"href":"https:\/\/ancora.cat\/index.php?rest_route=\/wp\/v2\/posts"}],"about":[{"href":"https:\/\/ancora.cat\/index.php?rest_route=\/wp\/v2\/types\/post"}],"author":[{"embeddable":true,"href":"https:\/\/ancora.cat\/index.php?rest_route=\/wp\/v2\/users\/2"}],"replies":[{"embeddable":true,"href":"https:\/\/ancora.cat\/index.php?rest_route=%2Fwp%2Fv2%2Fcomments&post=2678"}],"version-history":[{"count":1,"href":"https:\/\/ancora.cat\/index.php?rest_route=\/wp\/v2\/posts\/2678\/revisions"}],"predecessor-version":[{"id":2680,"href":"https:\/\/ancora.cat\/index.php?rest_route=\/wp\/v2\/posts\/2678\/revisions\/2680"}],"wp:featuredmedia":[{"embeddable":true,"href":"https:\/\/ancora.cat\/index.php?rest_route=\/wp\/v2\/media\/2679"}],"wp:attachment":[{"href":"https:\/\/ancora.cat\/index.php?rest_route=%2Fwp%2Fv2%2Fmedia&parent=2678"}],"wp:term":[{"taxonomy":"category","embeddable":true,"href":"https:\/\/ancora.cat\/index.php?rest_route=%2Fwp%2Fv2%2Fcategories&post=2678"},{"taxonomy":"post_tag","embeddable":true,"href":"https:\/\/ancora.cat\/index.php?rest_route=%2Fwp%2Fv2%2Ftags&post=2678"}],"curies":[{"name":"wp","href":"https:\/\/api.w.org\/{rel}","templated":true}]}}