{"id":2623,"date":"2024-11-20T13:47:55","date_gmt":"2024-11-20T13:47:55","guid":{"rendered":"https:\/\/ancora.cat\/?p=2623"},"modified":"2024-11-20T13:47:58","modified_gmt":"2024-11-20T13:47:58","slug":"sant-feliu-de-guixols-celebra-el-novembre-de-2024-la-gala-de-lliurament-dels-primers-premis-joves-pro","status":"publish","type":"post","link":"https:\/\/ancora.cat\/?p=2623","title":{"rendered":"Sant Feliu de Gu\u00edxols celebra el novembre de 2024 la gala de lliurament dels primers Premis Joves Pro!"},"content":{"rendered":"\n<p>Es tracta d&#8217;una iniciativa que pret\u00e9n donar valor al talent jove que surt de la nostra ciutat o que hi ha tingut relaci\u00f3, i excel\u00b7leix en diferents \u00e0mbits i disciplines, com la m\u00fasica, l&#8217;emprenedoria, la doc\u00e8ncia, l&#8217;esport o altres professions com la moda, la gastronomia i la creaci\u00f3 art\u00edstica.<\/p>\n\n\n\n<p>Ser\u00e0 una gala que se celebrar\u00e0 el proper diumenge 24 de novembre (11h del mat\u00ed) al Teatre Auditori Narc\u00eds Masferrer de Sant Feliu de Gu\u00edxols, amb entrada lliure, amb diversi\u00f3, sorpreses i molt dinamisme.<\/p>\n\n\n\n<p>D&#8217;aquests 24 joves que veureu al teatre ja se&#8217;n sent a parlar arreu, i la cosa anir\u00e0 a m\u00e9s perqu\u00e8 s\u00f3n uns aut\u00e8ntics referents en els seus \u00e0mbits, i es projecten amb excel\u00b7l\u00e8ncia a futur.<\/p>\n","protected":false},"excerpt":{"rendered":"<p>Es tracta d&#8217;una iniciativa que pret\u00e9n donar valor al talent jove que surt de la nostra ciutat o que hi ha tingut relaci\u00f3, i excel\u00b7leix en diferents \u00e0mbits i disciplines, com la m\u00fasica, l&#8217;emprenedoria, la doc\u00e8ncia, l&#8217;esport o altres professions com la moda, la gastronomia i la creaci\u00f3 art\u00edstica. Ser\u00e0 una gala que se celebrar\u00e0 [&hellip;]<\/p>\n","protected":false},"author":2,"featured_media":2624,"comment_status":"open","ping_status":"open","sticky":false,"template":"","format":"standard","meta":{"footnotes":""},"categories":[44,49],"tags":[],"class_list":{"0":"post-2623","1":"post","2":"type-post","3":"status-publish","4":"format-standard","5":"has-post-thumbnail","7":"category-actualitat","8":"category-societat"},"_links":{"self":[{"href":"https:\/\/ancora.cat\/index.php?rest_route=\/wp\/v2\/posts\/2623","targetHints":{"allow":["GET"]}}],"collection":[{"href":"https:\/\/ancora.cat\/index.php?rest_route=\/wp\/v2\/posts"}],"about":[{"href":"https:\/\/ancora.cat\/index.php?rest_route=\/wp\/v2\/types\/post"}],"author":[{"embeddable":true,"href":"https:\/\/ancora.cat\/index.php?rest_route=\/wp\/v2\/users\/2"}],"replies":[{"embeddable":true,"href":"https:\/\/ancora.cat\/index.php?rest_route=%2Fwp%2Fv2%2Fcomments&post=2623"}],"version-history":[{"count":1,"href":"https:\/\/ancora.cat\/index.php?rest_route=\/wp\/v2\/posts\/2623\/revisions"}],"predecessor-version":[{"id":2625,"href":"https:\/\/ancora.cat\/index.php?rest_route=\/wp\/v2\/posts\/2623\/revisions\/2625"}],"wp:featuredmedia":[{"embeddable":true,"href":"https:\/\/ancora.cat\/index.php?rest_route=\/wp\/v2\/media\/2624"}],"wp:attachment":[{"href":"https:\/\/ancora.cat\/index.php?rest_route=%2Fwp%2Fv2%2Fmedia&parent=2623"}],"wp:term":[{"taxonomy":"category","embeddable":true,"href":"https:\/\/ancora.cat\/index.php?rest_route=%2Fwp%2Fv2%2Fcategories&post=2623"},{"taxonomy":"post_tag","embeddable":true,"href":"https:\/\/ancora.cat\/index.php?rest_route=%2Fwp%2Fv2%2Ftags&post=2623"}],"curies":[{"name":"wp","href":"https:\/\/api.w.org\/{rel}","templated":true}]}}