{"id":2620,"date":"2024-11-18T12:19:22","date_gmt":"2024-11-18T12:19:22","guid":{"rendered":"https:\/\/ancora.cat\/?p=2620"},"modified":"2024-11-18T12:19:24","modified_gmt":"2024-11-18T12:19:24","slug":"sant-feliu-de-guixols-recapta-1-53703-e-pel-poble-de-picanya","status":"publish","type":"post","link":"https:\/\/ancora.cat\/?p=2620","title":{"rendered":"Sant Feliu de Gu\u00edxols recapta 1.537,03\u202f\u20ac pel poble de Picanya"},"content":{"rendered":"\n<p>En la Setmana de l&#8217;Esport Solidari a Sant Feliu de Gu\u00edxols s&#8217;han portat a terme diferents activitats esportives solid\u00e0ries on s&#8217;han recaptat 1.537,03\u202f\u20ac per poder ajudar el poble de Picanya, a Val\u00e8ncia, en futures inversions de millora que en un futur puguin requerir.<\/p>\n\n\n\n<p>Durant la setmana, a les instal\u00b7lacions esportives municipals hi havia guardioles a la disposici\u00f3 de la ciutadania per qualsevol aportaci\u00f3 econ\u00f2mica, sempre dintre de les possibilitats de cadasc\u00fa. A m\u00e9s, l&#8217;Ajuntament de Sant Feliu de Gu\u00edxols ha obert un compte bancari, tamb\u00e9, per fer aportacions. Aquest queda obert fins a nova informaci\u00f3.<\/p>\n\n\n\n<p>El diumenge 17 de novembre es va realitzar una jornada solid\u00e0ria on a les deu del mat\u00ed s&#8217;iniciava amb una classe de ioga i gongs tibetans a c\u00e0rrec de l&#8217;Espai Ganesha al pavell\u00f3 La Corxera. Seguidament, a dos quarts de dotze, davant la piscina municipal La Corxera, es va realitzar un minut de silenci per totes les fam\u00edlies afectades per la DANA a Val\u00e8ncia, i totes les vides perdudes per aquesta cat\u00e0strofe natural. Un cop aquest moment finalitzat, es va posar en marxa la caminada solid\u00e0ria de 5 km per la ciutat. La jornada va acabar a la una del migdia obrint les guardioles que durant la setmana havien estat a disposici\u00f3 de tota la ciutadania, i es va fer el recompte d&#8217;aquestes.&nbsp;<\/p>\n\n\n\n<p>Les donacions econ\u00f2miques aniran destinades per futures inversions de millora de la poblaci\u00f3 valenciana<\/p>\n\n\n\n<p><\/p>\n","protected":false},"excerpt":{"rendered":"<p>En la Setmana de l&#8217;Esport Solidari a Sant Feliu de Gu\u00edxols s&#8217;han portat a terme diferents activitats esportives solid\u00e0ries on s&#8217;han recaptat 1.537,03\u202f\u20ac per poder ajudar el poble de Picanya, a Val\u00e8ncia, en futures inversions de millora que en un futur puguin requerir. Durant la setmana, a les instal\u00b7lacions esportives municipals hi havia guardioles a [&hellip;]<\/p>\n","protected":false},"author":2,"featured_media":2621,"comment_status":"open","ping_status":"open","sticky":false,"template":"","format":"standard","meta":{"footnotes":""},"categories":[44,49],"tags":[],"class_list":{"0":"post-2620","1":"post","2":"type-post","3":"status-publish","4":"format-standard","5":"has-post-thumbnail","7":"category-actualitat","8":"category-societat"},"_links":{"self":[{"href":"https:\/\/ancora.cat\/index.php?rest_route=\/wp\/v2\/posts\/2620","targetHints":{"allow":["GET"]}}],"collection":[{"href":"https:\/\/ancora.cat\/index.php?rest_route=\/wp\/v2\/posts"}],"about":[{"href":"https:\/\/ancora.cat\/index.php?rest_route=\/wp\/v2\/types\/post"}],"author":[{"embeddable":true,"href":"https:\/\/ancora.cat\/index.php?rest_route=\/wp\/v2\/users\/2"}],"replies":[{"embeddable":true,"href":"https:\/\/ancora.cat\/index.php?rest_route=%2Fwp%2Fv2%2Fcomments&post=2620"}],"version-history":[{"count":1,"href":"https:\/\/ancora.cat\/index.php?rest_route=\/wp\/v2\/posts\/2620\/revisions"}],"predecessor-version":[{"id":2622,"href":"https:\/\/ancora.cat\/index.php?rest_route=\/wp\/v2\/posts\/2620\/revisions\/2622"}],"wp:featuredmedia":[{"embeddable":true,"href":"https:\/\/ancora.cat\/index.php?rest_route=\/wp\/v2\/media\/2621"}],"wp:attachment":[{"href":"https:\/\/ancora.cat\/index.php?rest_route=%2Fwp%2Fv2%2Fmedia&parent=2620"}],"wp:term":[{"taxonomy":"category","embeddable":true,"href":"https:\/\/ancora.cat\/index.php?rest_route=%2Fwp%2Fv2%2Fcategories&post=2620"},{"taxonomy":"post_tag","embeddable":true,"href":"https:\/\/ancora.cat\/index.php?rest_route=%2Fwp%2Fv2%2Ftags&post=2620"}],"curies":[{"name":"wp","href":"https:\/\/api.w.org\/{rel}","templated":true}]}}