{"id":2617,"date":"2024-11-18T12:14:42","date_gmt":"2024-11-18T12:14:42","guid":{"rendered":"https:\/\/ancora.cat\/?p=2617"},"modified":"2024-11-18T12:14:43","modified_gmt":"2024-11-18T12:14:43","slug":"sant-feliu-de-guixols-gent-gran-rep-una-subvencio-de-6-000-e-de-la-fundacio-la-caixa-a-traves-daccio-social-de-caixabank","status":"publish","type":"post","link":"https:\/\/ancora.cat\/?p=2617","title":{"rendered":"Sant Feliu de Gu\u00edxols Gent Gran rep una subvenci\u00f3 de 6.000 \u20ac de la Fundaci\u00f3 La Caixa a trav\u00e9s d&#8217;Acci\u00f3 Social de CaixaBank"},"content":{"rendered":"\n<p>Sant Feliu de Gu\u00edxols Gent Gran ha rebut una subvenci\u00f3 de 6.000\u20ac de la Fundaci\u00f3 La Caixa a trav\u00e9s d&#8217;Acci\u00f3 Social de CaixaBank que s&#8217;han destinat a un projecte d&#8217;Estimulaci\u00f3 Multisensorial &#8211; Snoezelen.<\/p>\n\n\n\n<p>Aquesta decisi\u00f3 ha estat presa pel centre Gent Gran en veure que molts i moltes residents no participen activament a les activitats de la resid\u00e8ncia a causa de les seves necessitats. Hi ha persones amb depend\u00e8ncia total, amb trastorns de conducta, deteriorament cognitiu greu, etc.<\/p>\n\n\n\n<p>El material amb el qual es treballar\u00e0 \u00e9s amb l&#8217;equip port\u00e0til de Snoezelen, ja que des de Sant Feliu de Gu\u00edxols Gent Gran asseguren que proporciona una experi\u00e8ncia multisensorial completa basada en l&#8217;o\u00efda, vista, olfacte i tacte. Utilitzant aquest material aconseguiran oferir-lo a un major nombre de persones, incrementant el benestar, la qualitat del seu servei, l&#8217;atenci\u00f3 requerida i crear un entorn d&#8217;estimulaci\u00f3 sensorial en diferents espais del centre Gent Gran.&nbsp;<\/p>\n","protected":false},"excerpt":{"rendered":"<p>Sant Feliu de Gu\u00edxols Gent Gran ha rebut una subvenci\u00f3 de 6.000\u20ac de la Fundaci\u00f3 La Caixa a trav\u00e9s d&#8217;Acci\u00f3 Social de CaixaBank que s&#8217;han destinat a un projecte d&#8217;Estimulaci\u00f3 Multisensorial &#8211; Snoezelen. Aquesta decisi\u00f3 ha estat presa pel centre Gent Gran en veure que molts i moltes residents no participen activament a les activitats [&hellip;]<\/p>\n","protected":false},"author":2,"featured_media":2618,"comment_status":"open","ping_status":"open","sticky":false,"template":"","format":"standard","meta":{"footnotes":""},"categories":[44,49],"tags":[],"class_list":{"0":"post-2617","1":"post","2":"type-post","3":"status-publish","4":"format-standard","5":"has-post-thumbnail","7":"category-actualitat","8":"category-societat"},"_links":{"self":[{"href":"https:\/\/ancora.cat\/index.php?rest_route=\/wp\/v2\/posts\/2617","targetHints":{"allow":["GET"]}}],"collection":[{"href":"https:\/\/ancora.cat\/index.php?rest_route=\/wp\/v2\/posts"}],"about":[{"href":"https:\/\/ancora.cat\/index.php?rest_route=\/wp\/v2\/types\/post"}],"author":[{"embeddable":true,"href":"https:\/\/ancora.cat\/index.php?rest_route=\/wp\/v2\/users\/2"}],"replies":[{"embeddable":true,"href":"https:\/\/ancora.cat\/index.php?rest_route=%2Fwp%2Fv2%2Fcomments&post=2617"}],"version-history":[{"count":1,"href":"https:\/\/ancora.cat\/index.php?rest_route=\/wp\/v2\/posts\/2617\/revisions"}],"predecessor-version":[{"id":2619,"href":"https:\/\/ancora.cat\/index.php?rest_route=\/wp\/v2\/posts\/2617\/revisions\/2619"}],"wp:featuredmedia":[{"embeddable":true,"href":"https:\/\/ancora.cat\/index.php?rest_route=\/wp\/v2\/media\/2618"}],"wp:attachment":[{"href":"https:\/\/ancora.cat\/index.php?rest_route=%2Fwp%2Fv2%2Fmedia&parent=2617"}],"wp:term":[{"taxonomy":"category","embeddable":true,"href":"https:\/\/ancora.cat\/index.php?rest_route=%2Fwp%2Fv2%2Fcategories&post=2617"},{"taxonomy":"post_tag","embeddable":true,"href":"https:\/\/ancora.cat\/index.php?rest_route=%2Fwp%2Fv2%2Ftags&post=2617"}],"curies":[{"name":"wp","href":"https:\/\/api.w.org\/{rel}","templated":true}]}}