{"id":2613,"date":"2024-10-30T09:03:44","date_gmt":"2024-10-30T09:03:44","guid":{"rendered":"https:\/\/ancora.cat\/?p=2613"},"modified":"2024-10-30T09:03:46","modified_gmt":"2024-10-30T09:03:46","slug":"junts-demana-explicacions-a-tsf-i-psc-pel-comunicat-de-la-policia-local-que-els-acusa-de-descuidar-el-cos","status":"publish","type":"post","link":"https:\/\/ancora.cat\/?p=2613","title":{"rendered":"Junts demana explicacions a TSF i PSC pel comunicat de la Policia Local que els acusa de descuidar el cos"},"content":{"rendered":"\n<p>El comprom\u00eds del cos de Policia Local \u00e9s essencial en un moment&nbsp;en qu\u00e8&nbsp;la seguretat ciutadana \u00e9s de les primeres preocupacions de la ciutadania. Els darrers dies hem conegut en un comunicat del Sindicat Independent de la Policia Local, el tracte injust i, entre altres, pressions sobre la prefectura de la Policia Local de Sant Feliu de Gu\u00edxols, for\u00e7ant-los a modificar informes oficials sobre hores extres realitzades en el marc del pla d&#8217;estiu.<\/p>\n\n\n\n<p><br>Ens preocupa especialment que, segons informen des&nbsp;del&nbsp;cos, es pressioni a aquests comandaments policials amb la \u00abcoacci\u00f3\u00bb de retardar el pagament d&#8217;hores a la plantilla en general, fet que considerem inacceptable i contrari als valors d&#8217;una gesti\u00f3 p\u00fablica justa i transparent.<\/p>\n\n\n\n<p><br>Lamentem les promeses incomplertes de l&#8217;alcalde per millorar les condicions de la Policia Local i que aquest \u00abcanvi pol\u00edtic\u00bb no s&#8217;hagi tradu\u00eft en millores tangibles, ja que&nbsp;els agents estan sotmesos a condicions laborals que no&nbsp;s\u00f3n&nbsp;proporcionals al seu esfor\u00e7 ni a les seves responsabilitats.<\/p>\n\n\n\n<p><br>La falta d&#8217;inversi\u00f3 en millores estructurals, com una nova comissaria, aix\u00ed com salaris entre un 15 i un 20% m\u00e9s baixos, estan ha contribu\u00eft a una fugida constant d&#8217;agents. Aquests professionals, despr\u00e9s d&#8217;anys de formaci\u00f3 i servei, opten per traslladar-se a altres municipis on se&#8217;ls reconeix i valora adequadament.<\/p>\n\n\n\n<p><br><br>Considerem que situacions com aquesta nom\u00e9s porten a la desmotivaci\u00f3 del personal, afeblint el cos i q\u00fcestionant la seguretat a Sant Feliu de Gu\u00edxols.&nbsp;La&nbsp;nostra policia no nom\u00e9s mereix un sou digne, sin\u00f3 tamb\u00e9 condicions laborals que els permetin exercir el seu treball amb dignitat i professionalitat davant de la ciutadania.<\/p>\n\n\n\n<p><br>Des de Junts per Catalunya, creiem fermament que \u00e9s necessari garantir un ambient de treball digne i just per a tots els empleats p\u00fablics que vetllen per la seguretat i el benestar dels nostres ciutadans i exigim al govern encap\u00e7alat per Carles&nbsp;Motas&nbsp;que prioritzi la millora de les condicions laborals de la Policia Local i que asseguri que es respecti la integritat dels seus membres.<\/p>\n\n\n\n<p><br>Fem una crida urgent perqu\u00e8 el govern format per Tots per Sant Feliu i Socialistes abandonin les pr\u00e0ctiques de pressi\u00f3 i ofereixi el respecte i el suport que la nostra Policia Local mereix.<\/p>\n","protected":false},"excerpt":{"rendered":"<p>El comprom\u00eds del cos de Policia Local \u00e9s essencial en un moment&nbsp;en qu\u00e8&nbsp;la seguretat ciutadana \u00e9s de les primeres preocupacions de la ciutadania. Els darrers dies hem conegut en un comunicat del Sindicat Independent de la Policia Local, el tracte injust i, entre altres, pressions sobre la prefectura de la Policia Local de Sant Feliu [&hellip;]<\/p>\n","protected":false},"author":2,"featured_media":2614,"comment_status":"open","ping_status":"open","sticky":false,"template":"","format":"standard","meta":{"footnotes":""},"categories":[44,49],"tags":[],"class_list":{"0":"post-2613","1":"post","2":"type-post","3":"status-publish","4":"format-standard","5":"has-post-thumbnail","7":"category-actualitat","8":"category-societat"},"_links":{"self":[{"href":"https:\/\/ancora.cat\/index.php?rest_route=\/wp\/v2\/posts\/2613","targetHints":{"allow":["GET"]}}],"collection":[{"href":"https:\/\/ancora.cat\/index.php?rest_route=\/wp\/v2\/posts"}],"about":[{"href":"https:\/\/ancora.cat\/index.php?rest_route=\/wp\/v2\/types\/post"}],"author":[{"embeddable":true,"href":"https:\/\/ancora.cat\/index.php?rest_route=\/wp\/v2\/users\/2"}],"replies":[{"embeddable":true,"href":"https:\/\/ancora.cat\/index.php?rest_route=%2Fwp%2Fv2%2Fcomments&post=2613"}],"version-history":[{"count":1,"href":"https:\/\/ancora.cat\/index.php?rest_route=\/wp\/v2\/posts\/2613\/revisions"}],"predecessor-version":[{"id":2615,"href":"https:\/\/ancora.cat\/index.php?rest_route=\/wp\/v2\/posts\/2613\/revisions\/2615"}],"wp:featuredmedia":[{"embeddable":true,"href":"https:\/\/ancora.cat\/index.php?rest_route=\/wp\/v2\/media\/2614"}],"wp:attachment":[{"href":"https:\/\/ancora.cat\/index.php?rest_route=%2Fwp%2Fv2%2Fmedia&parent=2613"}],"wp:term":[{"taxonomy":"category","embeddable":true,"href":"https:\/\/ancora.cat\/index.php?rest_route=%2Fwp%2Fv2%2Fcategories&post=2613"},{"taxonomy":"post_tag","embeddable":true,"href":"https:\/\/ancora.cat\/index.php?rest_route=%2Fwp%2Fv2%2Ftags&post=2613"}],"curies":[{"name":"wp","href":"https:\/\/api.w.org\/{rel}","templated":true}]}}