{"id":2569,"date":"2024-09-13T10:41:17","date_gmt":"2024-09-13T10:41:17","guid":{"rendered":"https:\/\/ancora.cat\/?p=2569"},"modified":"2024-09-13T10:41:19","modified_gmt":"2024-09-13T10:41:19","slug":"lajuntament-de-sant-feliu-de-guixols-i-uned-girona-arriben-a-un-acord-per-portar-estudis-universitaris-de-grau-a-la-ciutat","status":"publish","type":"post","link":"https:\/\/ancora.cat\/?p=2569","title":{"rendered":"L&#8217;Ajuntament de Sant Feliu de Gu\u00edxols i UNED Girona arriben a un acord per portar estudis universitaris de grau a la ciutat"},"content":{"rendered":"\n<p>L&#8217;<strong>Ajuntament de Sant Feliu de Gu\u00edxols<\/strong>&nbsp;i&nbsp;<strong>UNED Girona<\/strong>, de la Universitat Nacional d&#8217;Educaci\u00f3 a Dist\u00e0ncia, han signat un conveni que t\u00e9 com a objectiu principal portar&nbsp;<strong>estudis universitaris de grau al municipi.<\/strong>&nbsp;Aquest acord pret\u00e9n impulsar la formaci\u00f3 entre la poblaci\u00f3 amb cursos, activitats, tallers i programes formatius, al mateix temps que es fomenten la cultura i el coneixement, i es millora l&#8217;aprenentatge d&#8217;idiomes. A partir d&#8217;aquesta col\u00b7laboraci\u00f3, una part del&nbsp;<strong>Grau en Educaci\u00f3 Infantil&nbsp;<\/strong>es dur\u00e0 a terme a Sant Feliu de Gu\u00edxols, convertint-se d&#8217;aquesta manera en el punt de partida del desplegament d&#8217;aquesta tipologia d&#8217;estudis al municipi. La&nbsp;<strong>Casa Palet<\/strong>&nbsp;i l&#8217;<strong>edifici del Monestir<\/strong>&nbsp;s\u00f3n els espais que, d&#8217;entrada, cedeix l&#8217;Ajuntament perqu\u00e8 s&#8217;hi puguin dur a terme aquestes activitats i formacions. La presentaci\u00f3 d&#8217;aquest conveni ha comptat amb la participaci\u00f3 de&nbsp;<strong>Carles Motas<\/strong>, alcalde de Sant Feliu de Gu\u00edxols, la regidora d&#8217;Educaci\u00f3 i Coneixement de l&#8217;Ajuntament,&nbsp;<strong>Laura Serrano,<\/strong>&nbsp;i el director d&#8217;UNED Girona,&nbsp;<strong>David Maldonado.<\/strong><\/p>\n\n\n\n<p>Fruit d&#8217;aquesta col\u00b7laboraci\u00f3, a partir del curs 2024-25 UNED Girona oferir\u00e0&nbsp;<strong>40 cr\u00e8dits<\/strong>&nbsp;que corresponen al&nbsp;<strong>tercer curs del Grau en Educaci\u00f3 Infantil<\/strong>. Es tracta dels primers estudis universitaris de grau d&#8217;aquest centre que es duran a terme al municipi. Fins ara s&#8217;han impartit cursos d&#8217;idiomes i el programa&nbsp;<strong>UNED S\u00e8nior<\/strong>, dirigit a persones de m\u00e9s de 50 anys i que repetir\u00e0 la seva oferta formativa per tercer any consecutiu. Aquest darrer curs, repartits en dos quadrimestres, desenes d&#8217;alumnes d&#8217;UNED S\u00e8nior s&#8217;han apuntat als cursos sobre Merc\u00e8 Rodoreda, la prehist\u00f2ria, l&#8217;\u00f2pera i els llenguatges de l&#8217;art al segle XX. Pel que fa als cr\u00e8dits del Grau en Educaci\u00f3 Infantil, \u00e9s l&#8217;Ajuntament l&#8217;encarregat de cedir els espais perqu\u00e8 els estudis es puguin seguir des d&#8217;all\u00e0 o perqu\u00e8 els alumnes hi facin tutories. Amb aquesta iniciativa, UNED Girona amplia la seva oferta formativa universit\u00e0ria a les comarques gironines. Aquest mateix Grau tamb\u00e9 est\u00e0 present en les seus de Girona (primer curs), Olot i Figueres (segon curs). &nbsp;<\/p>\n\n\n\n<p>Un dels espais que el consistori ha cedit gratu\u00eftament es troba a les depend\u00e8ncies municipals de la&nbsp;<strong>Casa Palet<\/strong>, ubicada al n\u00famero 7 del carrer P\u00e9cher. Disposa d&#8217;una pantalla t\u00e0ctil i d&#8217;un ordinador amb connexi\u00f3 a internet. Tamb\u00e9 s&#8217;ofereix una aula a l&#8217;edifici del&nbsp;<strong>Monestir de Sant Feliu de Gu\u00edxols,<\/strong>&nbsp;equipada amb un projector i connexi\u00f3 a la xarxa. En totes dues localitzacions s&#8217;hi duran a terme els cursos, tallers i formacions que organitza UNED Girona. El principal objectiu d&#8217;aquest acord de col\u00b7laboraci\u00f3 \u00e9s fer accessible als habitants del municipi i d&#8217;altres localitats aquestes activitats, totes elles destinades a la promoci\u00f3 de la cultura i l&#8217;aprenentatge, la millora del coneixement dels idiomes de la poblaci\u00f3 en general i sobretot la implantaci\u00f3 dels estudis universitaris de grau a la ciutat.<\/p>\n\n\n\n<p><strong>David Maldonado,<\/strong>&nbsp;director d&#8217;UNED Girona, ha valorat positivament&nbsp;<em>\u00abaquesta nova etapa de col\u00b7laboraci\u00f3 per ampliar la nostra oferta formativa a Sant Feliu de Gu\u00edxols i a tota la comarca. Aquest conveni representa una oportunitat magn\u00edfica per apropar l&#8217;educaci\u00f3 superior a m\u00e9s persones, oferint-los eines i recursos per al seu desenvolupament acad\u00e8mic i professional\u00bb.&nbsp;<\/em>Ha destacat la introducci\u00f3 del tercer curs del Grau en Educaci\u00f3 Infantil al municipi,&nbsp;<em>\u00abuna formaci\u00f3 espec\u00edfica i molt demandada\u00bb,&nbsp;<\/em>el que<em>&nbsp;\u00abpermetr\u00e0 que els estudiants tinguin un acc\u00e9s m\u00e9s directe i flexible a una formaci\u00f3 de qualitat, alineada amb les necessitats del sector educatiu actual\u00bb.<\/em>&nbsp;Ha afegit que&nbsp;<em>\u00abamb aquest acord reforcem el nostre comprom\u00eds amb l&#8217;educaci\u00f3 al territori, oferint no nom\u00e9s graus, sin\u00f3 tamb\u00e9 tallers, activitats i cursos que responen a les necessitats de la comunitat. Estic conven\u00e7ut que aquesta iniciativa contribuir\u00e0 a enfortir els vincles entre la UNED i Sant Feliu de Gu\u00edxols i ser\u00e0 un model d&#8217;\u00e8xit per a futures col\u00b7laboracions\u00bb.<\/em><\/p>\n\n\n\n<p><strong>Laura Serrano,<\/strong>&nbsp;regidora d&#8217;Educaci\u00f3 i Coneixement, ha manifestat que&nbsp;<em>\u00abSant Feliu de Gu\u00edxols ha demostrat des de fa temps que \u00e9s una ciutat educadora. Hem volgut innovar, anar m\u00e9s lluny i fer arribar l&#8217;educaci\u00f3 a totes les edats. Amb l&#8217;arribada d&#8217;aquests estudis universitaris de grau donarem continu\u00eftat a un grau superior que ja tenim al nostre municipi. Estem contents i agra\u00efts per aquesta col\u00b7laboraci\u00f3 i per les facilitats que ens ha donat la UNED\u00bb.<\/em><\/p>\n\n\n\n<p>L&#8217;alcalde,&nbsp;<strong>Carles Motas,<\/strong>&nbsp;ha explicat que&nbsp;<em>\u00abdes de l&#8217;Ajuntament estem molt satisfets perqu\u00e8 la UNED ha trobat en Sant Feliu de Gu\u00edxols un company de viatge per mantenir viu el seu projecte de formaci\u00f3. Tenir una oferta educativa encara m\u00e9s \u00e0mplia ens ajuda molt\u00edssim. Oferim un ventall de cursos i activitats per a totes les edats i aquest \u00e9s l&#8217;objectiu que perseguim des de fa temps. Estic conven\u00e7ut que amb el pas del temps podrem ampliar l&#8217;oferta educativa a la nostra ciutat, sobretot perqu\u00e8 la UNED ha demostrat que desperta l&#8217;inter\u00e8s de la poblaci\u00f3, ja que tots els cursos sempre s&#8217;omplen\u00bb.<\/em><\/p>\n\n\n\n<p><strong>Sobre UNED Girona<\/strong><\/p>\n\n\n\n<p>La Universitat Nacional d&#8217;Educaci\u00f3 a Dist\u00e0ncia (UNED) \u00e9s un centre universitari p\u00fablic espanyol d&#8217;\u00e0mbit nacional que es va crear l&#8217;any 1972 i que est\u00e0 vinculat de manera administrativa al Ministeri de Ci\u00e8ncia, Innovaci\u00f3 i Universitat. Aquest \u00faltim curs 2023-2024 ha comptat amb m\u00e9s de 167.000 alumnes matriculats. T\u00e9 la seva seu central a Madrid, tot i que disposa d&#8217;una \u00e0mplia xarxa de centres associats repartits per tot l&#8217;Estat i part de l&#8217;estranger. Ofereix una modalitat d&#8217;educaci\u00f3 a dist\u00e0ncia semi-presencial que combina la modalitat presencial mitjan\u00e7ant tutories a les diferents seus i els cursos en l\u00ednia a partir de la plataforma pr\u00f2pia de la universitat.<\/p>\n\n\n\n<p>La UNED estableix la seva seu a Girona el 1975 i des de llavors ha facilitat l&#8217;acc\u00e9s a la universitat a milers de persones de les comarques gironines. Ofereix un model educatiu d&#8217;aprenentatge centrat en l&#8217;estudiant, que pot disposar d&#8217;una certa flexibilitat, permetent-li la conciliaci\u00f3 laboral i familiar. Forma part de la xarxa de centres UNED i disposa de diferents aules universit\u00e0ries: Olot, Figueres, Sant Feliu de Gu\u00edxols i a Salt, on es troba el centre Associat UNED Girona.&nbsp;&nbsp;<\/p>\n","protected":false},"excerpt":{"rendered":"<p>L&#8217;Ajuntament de Sant Feliu de Gu\u00edxols&nbsp;i&nbsp;UNED Girona, de la Universitat Nacional d&#8217;Educaci\u00f3 a Dist\u00e0ncia, han signat un conveni que t\u00e9 com a objectiu principal portar&nbsp;estudis universitaris de grau al municipi.&nbsp;Aquest acord pret\u00e9n impulsar la formaci\u00f3 entre la poblaci\u00f3 amb cursos, activitats, tallers i programes formatius, al mateix temps que es fomenten la cultura i el [&hellip;]<\/p>\n","protected":false},"author":2,"featured_media":2570,"comment_status":"open","ping_status":"open","sticky":false,"template":"","format":"standard","meta":{"footnotes":""},"categories":[44,49],"tags":[],"class_list":{"0":"post-2569","1":"post","2":"type-post","3":"status-publish","4":"format-standard","5":"has-post-thumbnail","7":"category-actualitat","8":"category-societat"},"_links":{"self":[{"href":"https:\/\/ancora.cat\/index.php?rest_route=\/wp\/v2\/posts\/2569","targetHints":{"allow":["GET"]}}],"collection":[{"href":"https:\/\/ancora.cat\/index.php?rest_route=\/wp\/v2\/posts"}],"about":[{"href":"https:\/\/ancora.cat\/index.php?rest_route=\/wp\/v2\/types\/post"}],"author":[{"embeddable":true,"href":"https:\/\/ancora.cat\/index.php?rest_route=\/wp\/v2\/users\/2"}],"replies":[{"embeddable":true,"href":"https:\/\/ancora.cat\/index.php?rest_route=%2Fwp%2Fv2%2Fcomments&post=2569"}],"version-history":[{"count":1,"href":"https:\/\/ancora.cat\/index.php?rest_route=\/wp\/v2\/posts\/2569\/revisions"}],"predecessor-version":[{"id":2571,"href":"https:\/\/ancora.cat\/index.php?rest_route=\/wp\/v2\/posts\/2569\/revisions\/2571"}],"wp:featuredmedia":[{"embeddable":true,"href":"https:\/\/ancora.cat\/index.php?rest_route=\/wp\/v2\/media\/2570"}],"wp:attachment":[{"href":"https:\/\/ancora.cat\/index.php?rest_route=%2Fwp%2Fv2%2Fmedia&parent=2569"}],"wp:term":[{"taxonomy":"category","embeddable":true,"href":"https:\/\/ancora.cat\/index.php?rest_route=%2Fwp%2Fv2%2Fcategories&post=2569"},{"taxonomy":"post_tag","embeddable":true,"href":"https:\/\/ancora.cat\/index.php?rest_route=%2Fwp%2Fv2%2Ftags&post=2569"}],"curies":[{"name":"wp","href":"https:\/\/api.w.org\/{rel}","templated":true}]}}