{"id":2455,"date":"2024-06-27T10:40:49","date_gmt":"2024-06-27T10:40:49","guid":{"rendered":"https:\/\/ancora.cat\/?p=2455"},"modified":"2024-06-27T10:40:51","modified_gmt":"2024-06-27T10:40:51","slug":"denuncien-el-tancament-de-camins-a-les-platges-del-sector-rosamar","status":"publish","type":"post","link":"https:\/\/ancora.cat\/?p=2455","title":{"rendered":"Denuncien el tancament de camins a les platges del sector Rosamar"},"content":{"rendered":"\n<p>Aquests dies han aparegut a les platges de la zona de Rosamar, en concret a la Platja de Canyerets, uns avisos denunciant el tancament d&#8217;accessos des del sender que baixa des de la carretera de Tossa. En el text s&#8217;hi pot llegir que l&#8217;actual propietari de l&#8217;antiga caserna Carabiners ha instal\u00b7lat una tanca en els camins de Sant Feliu i de Rosamar. Tamb\u00e9 s&#8217;explica&nbsp;que malgrat que aquesta tanca s&#8217;ha instal\u00b7lat amb pr\u00e8via sol\u00b7licitud a l&#8217;ajuntament de Santa Cristina, la sol\u00b7licitud ha estat impugnada.<\/p>\n\n\n\n<p>Els autors de la den\u00fancia escrita diuen que el cam\u00ed tancat que enlla\u00e7a Rosamar amb el Cam\u00ed de ronda que arriba a la platja des de la carretera, \u00e9s un cam\u00ed p\u00fablic que figura en els pl\u00e0nols de la Generalitat i que, per tant, els&nbsp;terrenys i el cam\u00ed que passa per davant de la rocalla del jard\u00ed, no s\u00f3n propietat de l&#8217;habitatge.<\/p>\n\n\n\n<p>Un cas similar passa amb una cala molt propera: la Cala del Sr. Ramon. La cala naturista envoltada de penya-segats pertany al municipi de Santa Cristina d&#8217;Aro i fins aquest estiu es podia baixar des de la carretera de Tossa fins i tot en vehicle. L&#8217;acc\u00e9s a la platja es feia per aquest cam\u00ed on aquests operaris estan instal\u00b7lant una tanca i porta que impedir\u00e0 el pas de vehicles i persones.<\/p>\n","protected":false},"excerpt":{"rendered":"<p>Aquests dies han aparegut a les platges de la zona de Rosamar, en concret a la Platja de Canyerets, uns avisos denunciant el tancament d&#8217;accessos des del sender que baixa des de la carretera de Tossa. En el text s&#8217;hi pot llegir que l&#8217;actual propietari de l&#8217;antiga caserna Carabiners ha instal\u00b7lat una tanca en els [&hellip;]<\/p>\n","protected":false},"author":2,"featured_media":0,"comment_status":"open","ping_status":"open","sticky":false,"template":"","format":"standard","meta":{"footnotes":""},"categories":[44,49],"tags":[240,237,238,102,239,236],"class_list":{"0":"post-2455","1":"post","2":"type-post","3":"status-publish","4":"format-standard","6":"category-actualitat","7":"category-societat","8":"tag-generalitat","9":"tag-platges","10":"tag-rosamar","11":"tag-sant-feliu-de-guixols","12":"tag-santa-cristina-daro","13":"tag-tancament-de-camins"},"_links":{"self":[{"href":"https:\/\/ancora.cat\/index.php?rest_route=\/wp\/v2\/posts\/2455","targetHints":{"allow":["GET"]}}],"collection":[{"href":"https:\/\/ancora.cat\/index.php?rest_route=\/wp\/v2\/posts"}],"about":[{"href":"https:\/\/ancora.cat\/index.php?rest_route=\/wp\/v2\/types\/post"}],"author":[{"embeddable":true,"href":"https:\/\/ancora.cat\/index.php?rest_route=\/wp\/v2\/users\/2"}],"replies":[{"embeddable":true,"href":"https:\/\/ancora.cat\/index.php?rest_route=%2Fwp%2Fv2%2Fcomments&post=2455"}],"version-history":[{"count":1,"href":"https:\/\/ancora.cat\/index.php?rest_route=\/wp\/v2\/posts\/2455\/revisions"}],"predecessor-version":[{"id":2456,"href":"https:\/\/ancora.cat\/index.php?rest_route=\/wp\/v2\/posts\/2455\/revisions\/2456"}],"wp:attachment":[{"href":"https:\/\/ancora.cat\/index.php?rest_route=%2Fwp%2Fv2%2Fmedia&parent=2455"}],"wp:term":[{"taxonomy":"category","embeddable":true,"href":"https:\/\/ancora.cat\/index.php?rest_route=%2Fwp%2Fv2%2Fcategories&post=2455"},{"taxonomy":"post_tag","embeddable":true,"href":"https:\/\/ancora.cat\/index.php?rest_route=%2Fwp%2Fv2%2Ftags&post=2455"}],"curies":[{"name":"wp","href":"https:\/\/api.w.org\/{rel}","templated":true}]}}