{"id":2452,"date":"2024-06-26T10:01:26","date_gmt":"2024-06-26T10:01:26","guid":{"rendered":"https:\/\/ancora.cat\/?p=2452"},"modified":"2024-06-26T10:01:28","modified_gmt":"2024-06-26T10:01:28","slug":"la-bandera-blava-ja-oneja-a-la-platja-gran-de-sant-feliu-i-sant-pol","status":"publish","type":"post","link":"https:\/\/ancora.cat\/?p=2452","title":{"rendered":"La bandera blava ja oneja a la platja gran de Sant Feliu i Sant Pol"},"content":{"rendered":"\n<p><strong>La bandera blava, distintiu atorgat per la Fundaci\u00f3 Europea d&#8217;Educaci\u00f3 Ambiental que certifica la gesti\u00f3 ambiental, accessibilitat, socorrisme i vigil\u00e0ncia a les platges, ja oneja a la Platja gran de Sant Feliu de Gu\u00edxols i Sant Pol.<\/strong><\/p>\n\n\n\n<p>Un any m\u00e9s la bandera blava, distintiu atorgat per la Fundaci\u00f3 Europea d&#8217;Educaci\u00f3 Ambiental que certifica la gesti\u00f3 ambiental, accessibilitat, socorrisme i vigil\u00e0ncia a les platges, ja oneja a les nostres platges de Sant Feliu de Gu\u00edxols i Sant Pol.<\/p>\n\n\n\n<p>A Catalunya aquest any s&#8217;han atorgat 95 banderes blaves, 27 d&#8217;elles a la prov\u00edncia de Girona, dues d&#8217;elles per les platges del municipi de Sant Feliu de Gu\u00edxols.<\/p>\n\n\n\n<p>Aquest any s&#8217;han implementat uns nous sistemes per evitar abocar tovalloletes i residus i aix\u00ed evitar la seva arribada al mar.<\/p>\n\n\n\n<p>Tamb\u00e9 s&#8217;ha ampliat la zona de no fumadors d&#8217;ambdues platges, l&#8217;objectiu \u00e9s anar ampliant aquesta zona de manera esglaonada any rere any.<\/p>\n\n\n\n<p>Una novetat \u00e9s l&#8217;ampliaci\u00f3 de la passera a la zona dels socorristes, per aix\u00ed garantir una millor accessibilitat perqu\u00e8 tots els banyistes puguin gaudir de la platja.&nbsp;<\/p>\n\n\n\n<p>El servei de neteja mitjan\u00e7ant barques continuar\u00e0 actiu, juntament amb el de la policia i s&#8217;afegir\u00e0 una pista de voleibol a la platja gran de Sant Feliu de Gu\u00edxols. Segueix tamb\u00e9 la col\u00b7laboraci\u00f3 amb totes les activitats de la neteja del fons mar\u00ed.<\/p>\n","protected":false},"excerpt":{"rendered":"<p>La bandera blava, distintiu atorgat per la Fundaci\u00f3 Europea d&#8217;Educaci\u00f3 Ambiental que certifica la gesti\u00f3 ambiental, accessibilitat, socorrisme i vigil\u00e0ncia a les platges, ja oneja a la Platja gran de Sant Feliu de Gu\u00edxols i Sant Pol. Un any m\u00e9s la bandera blava, distintiu atorgat per la Fundaci\u00f3 Europea d&#8217;Educaci\u00f3 Ambiental que certifica la gesti\u00f3 [&hellip;]<\/p>\n","protected":false},"author":2,"featured_media":2453,"comment_status":"open","ping_status":"open","sticky":false,"template":"","format":"standard","meta":{"footnotes":""},"categories":[44,49],"tags":[235,234,102,233],"class_list":{"0":"post-2452","1":"post","2":"type-post","3":"status-publish","4":"format-standard","5":"has-post-thumbnail","7":"category-actualitat","8":"category-societat","9":"tag-bandera-blava","10":"tag-fundacio-europea-deducacio-ambiental","11":"tag-sant-feliu-de-guixols","12":"tag-sant-pol"},"_links":{"self":[{"href":"https:\/\/ancora.cat\/index.php?rest_route=\/wp\/v2\/posts\/2452","targetHints":{"allow":["GET"]}}],"collection":[{"href":"https:\/\/ancora.cat\/index.php?rest_route=\/wp\/v2\/posts"}],"about":[{"href":"https:\/\/ancora.cat\/index.php?rest_route=\/wp\/v2\/types\/post"}],"author":[{"embeddable":true,"href":"https:\/\/ancora.cat\/index.php?rest_route=\/wp\/v2\/users\/2"}],"replies":[{"embeddable":true,"href":"https:\/\/ancora.cat\/index.php?rest_route=%2Fwp%2Fv2%2Fcomments&post=2452"}],"version-history":[{"count":1,"href":"https:\/\/ancora.cat\/index.php?rest_route=\/wp\/v2\/posts\/2452\/revisions"}],"predecessor-version":[{"id":2454,"href":"https:\/\/ancora.cat\/index.php?rest_route=\/wp\/v2\/posts\/2452\/revisions\/2454"}],"wp:featuredmedia":[{"embeddable":true,"href":"https:\/\/ancora.cat\/index.php?rest_route=\/wp\/v2\/media\/2453"}],"wp:attachment":[{"href":"https:\/\/ancora.cat\/index.php?rest_route=%2Fwp%2Fv2%2Fmedia&parent=2452"}],"wp:term":[{"taxonomy":"category","embeddable":true,"href":"https:\/\/ancora.cat\/index.php?rest_route=%2Fwp%2Fv2%2Fcategories&post=2452"},{"taxonomy":"post_tag","embeddable":true,"href":"https:\/\/ancora.cat\/index.php?rest_route=%2Fwp%2Fv2%2Ftags&post=2452"}],"curies":[{"name":"wp","href":"https:\/\/api.w.org\/{rel}","templated":true}]}}