{"id":2432,"date":"2024-06-07T10:57:31","date_gmt":"2024-06-07T10:57:31","guid":{"rendered":"https:\/\/ancora.cat\/?p=2432"},"modified":"2024-06-07T10:57:33","modified_gmt":"2024-06-07T10:57:33","slug":"junts-demana-a-tsf-i-psc-que-rectifiquin-igenerin-almenys-500-noves-places-daparcament-aprop-de-leix-comercial-imaritim","status":"publish","type":"post","link":"https:\/\/ancora.cat\/?p=2432","title":{"rendered":"Junts demana a TSF i PSC que rectifiquin igenerin almenys 500 noves places d\u2019aparcament aprop de l\u2019eix comercial imaritim"},"content":{"rendered":"\n<p>Pocs mesos despr\u00e9s de l\u2019entrada en vigor de les ordenances fiscals que van<br>suposar un increment del 200% dels preus per aparcar a Sant Feliu de<br>Gu\u00edxols, i que van generar malestar en residents, comerciants i restauradors,<br>el govern conformat pel partit de l\u2019alcalde Carles Motas i el PSC segueix<br>apeda\u00e7ant la normativa que regula l\u2019estacionament, fent evident el que Junts<br>hem avan\u00e7at fa temps a trav\u00e9s del nostre portaveu Toni Carri\u00f3n: el govern de<br>Sant Feliu de Gu\u00edxols no t\u00e9 una pol\u00edtica d\u2019aparcaments clara i va improvisant<br>de forma err\u00e0tica, sense cap criteri establert.<br>El passat ple v\u00e0rem tornar a veure una segona revisi\u00f3 en 6 mesos de<br>l\u2019ordenan\u00e7a reguladora dels preus per l\u2019estacionament amb limitaci\u00f3 hor\u00e0ria,<br>amb els \u00fanics vots a favor de l\u2019equip de govern, que estableix ara unes \u00e0rees<br>zona verda de pagament pels ve\u00efns de Sant Feliu de Gu\u00edxols que ser\u00e0 zona<br>blava pels no residents. En aquest nou text de l\u2019ordenan\u00e7a, el govern ha afegit<br>una nova \u00e0rea de zona blava al carrer Gavines de Sant Pol de 156 places<br>d\u2019aparcament que eren gratu\u00eftes i que es sumen a les altres 609 places<br>gratu\u00eftes que a principis d\u2019any tamb\u00e9 varen convertir en places de pagament.<br>Des del grup municipal de Junts ens hem posicionat des del primer moment,<br>en contra d\u2019ampliar els horaris de la zona blava, de fer de pagament els<br>aparcaments de carretera de Tossa, i de fer de pagament tot l\u2019any<br>l\u2019aparcament de la Corxera, l\u2019aparcament de la barana de mar o els de Sant<br>Pol.<br>Tamb\u00e9 considerem un error haver gastat 3 milions en constru\u00efr l\u2019aparcament<br>de l\u2019estaci\u00f3 d\u2019autobusos on ja hi havia 116 aparcaments gratuits i que ara<br>estan buits la gran part del temps sobretot despr\u00e9s de que TSF i PSC hagin<br>eliminat places d\u2019aparcament a tota la ciutat des del primer dia que van<br>arribar, ara fa ja 9 anys.<br>\u00c9s per aix\u00f2 que Junts v\u00e0rem mantenir la posici\u00f3 i vam votar en contra<br>d\u2019aquesta modificaci\u00f3, i v\u00e0rem instar al govern a elaborar una estrat\u00e8gia<br>d\u2019aparcaments raonada, sensata i que doni resposta a llarg termini als<br>problemes reals de Sant Feliu de Gu\u00edxols resolent les mancances que el pla<br>de mobilitat sit\u00faa sobretot a la zona del peu de la carretera de Palam\u00f3s on cal<br>generar almenys 500 noves places d\u2019aparcament..<\/p>\n\n\n\n<p>Sant Feliu de Gu\u00edxols, 5 de juny de 2024<\/p>\n","protected":false},"excerpt":{"rendered":"<p>Pocs mesos despr\u00e9s de l\u2019entrada en vigor de les ordenances fiscals que vansuposar un increment del 200% dels preus per aparcar a Sant Feliu deGu\u00edxols, i que van generar malestar en residents, comerciants i restauradors,el govern conformat pel partit de l\u2019alcalde Carles Motas i el PSC segueixapeda\u00e7ant la normativa que regula l\u2019estacionament, fent evident el [&hellip;]<\/p>\n","protected":false},"author":2,"featured_media":2433,"comment_status":"open","ping_status":"open","sticky":false,"template":"","format":"standard","meta":{"footnotes":""},"categories":[44,49],"tags":[215,114,161,102,214,216],"class_list":{"0":"post-2432","1":"post","2":"type-post","3":"status-publish","4":"format-standard","5":"has-post-thumbnail","7":"category-actualitat","8":"category-societat","9":"tag-places-daparcaments","10":"tag-politica-daparcaments","11":"tag-psc","12":"tag-sant-feliu-de-guixols","13":"tag-tsf","14":"tag-zona-blava"},"_links":{"self":[{"href":"https:\/\/ancora.cat\/index.php?rest_route=\/wp\/v2\/posts\/2432","targetHints":{"allow":["GET"]}}],"collection":[{"href":"https:\/\/ancora.cat\/index.php?rest_route=\/wp\/v2\/posts"}],"about":[{"href":"https:\/\/ancora.cat\/index.php?rest_route=\/wp\/v2\/types\/post"}],"author":[{"embeddable":true,"href":"https:\/\/ancora.cat\/index.php?rest_route=\/wp\/v2\/users\/2"}],"replies":[{"embeddable":true,"href":"https:\/\/ancora.cat\/index.php?rest_route=%2Fwp%2Fv2%2Fcomments&post=2432"}],"version-history":[{"count":1,"href":"https:\/\/ancora.cat\/index.php?rest_route=\/wp\/v2\/posts\/2432\/revisions"}],"predecessor-version":[{"id":2434,"href":"https:\/\/ancora.cat\/index.php?rest_route=\/wp\/v2\/posts\/2432\/revisions\/2434"}],"wp:featuredmedia":[{"embeddable":true,"href":"https:\/\/ancora.cat\/index.php?rest_route=\/wp\/v2\/media\/2433"}],"wp:attachment":[{"href":"https:\/\/ancora.cat\/index.php?rest_route=%2Fwp%2Fv2%2Fmedia&parent=2432"}],"wp:term":[{"taxonomy":"category","embeddable":true,"href":"https:\/\/ancora.cat\/index.php?rest_route=%2Fwp%2Fv2%2Fcategories&post=2432"},{"taxonomy":"post_tag","embeddable":true,"href":"https:\/\/ancora.cat\/index.php?rest_route=%2Fwp%2Fv2%2Ftags&post=2432"}],"curies":[{"name":"wp","href":"https:\/\/api.w.org\/{rel}","templated":true}]}}